{"id":12568,"date":"2019-07-28T11:31:29","date_gmt":"2019-07-28T10:31:29","guid":{"rendered":"http:\/\/www.alleyways.de\/abgeschminkt\/?p=12568"},"modified":"2019-07-28T11:32:45","modified_gmt":"2019-07-28T10:32:45","slug":"ein-ganz-gewoehnlicher-held-the-public","status":"publish","type":"post","link":"https:\/\/www.alleyways.de\/abgeschminkt\/2019\/ein-ganz-gewoehnlicher-held-the-public\/","title":{"rendered":"EIN GANZ GEW\u00d6HNLICHER HELD"},"content":{"rendered":"<p style=\"text-align: right;\"><a href=\"https:\/\/www.alleyways.de\/abgeschminkt\/2019\/ein-ganz-gewoehnlicher-held-the-public\/public-1\/\" rel=\"attachment wp-att-12570\"><img loading=\"lazy\" decoding=\"async\" class=\"alignleft size-full wp-image-12570\" title=\"Copyright KOCH FILMS\" alt=\"Public 1, Copyright KOCH FILMS\" src=\"https:\/\/www.alleyways.de\/abgeschminkt\/wp-content\/uploads\/Public-1.jpg\" width=\"250\" height=\"354\" srcset=\"https:\/\/www.alleyways.de\/abgeschminkt\/wp-content\/uploads\/Public-1.jpg 250w, https:\/\/www.alleyways.de\/abgeschminkt\/wp-content\/uploads\/Public-1-141x200.jpg 141w, https:\/\/www.alleyways.de\/abgeschminkt\/wp-content\/uploads\/Public-1-211x300.jpg 211w\" sizes=\"auto, (max-width: 250px) 100vw, 250px\" \/><\/a><em>THE PUBLIC &#8211; Bundesstart 25.07.2019<\/em><\/p>\n<p style=\"text-align: justify;\"><span style=\"color: #000000;\">Im Sommer 2017 wurde bekannt, dass die Stadt Cincinnati plane, den Nordfl\u00fcgel der \u00f6ffentlichen Bibliothek zu verkaufen. Eine Aktivistengruppe nahm sich dieser Sache an und protestierte fortan bei jeder \u00f6ffentlichen Sitzung, und stellte den Verantwortlichen unangenehme Fragen, oder konfrontierten sie mit fundierten Bedenken gegen\u00fcber eines Verkaufs von \u00f6ffentlichem Grund. Genau in diese Zeit fielen die Dreharbeiten und die Premiere von Emilio Estevez&#8216; Film THE PUBLIC. Ein Projekt das bereits zehn Jahre in Arbeit war. PUBLIC fungiert dabei als Wortspiel f\u00fcr eine \u00f6ffentliche Bibliothek, sowie f\u00fcr die \u00d6ffentlichkeit selbst. In der realen Kontroverse ist noch keine endg\u00fcltige Entscheidung gefallen. Inwieweit Estevez&#8216; Film darauf Einfluss nehmen konnte, ist nicht nachvollziehbar. Aber immerhin kam er zum richtigen Zeitpunkt, und Fakt und Fiktion firmierten zu einem wachr\u00fcttelnden Schulterschluss.<\/span><\/p>\n<p style=\"text-align: right;\"><span style=\"color: #000000;\"><em>&#8222;Die \u00f6ffentliche Bibliothek ist die letzte Bastion der Demokratie in unserem Land.&#8220;<\/em> <strong>Anderson<\/strong> <span style=\"color: #999999;\">(Jeffrey Wright)<\/span><\/span><\/p>\n<p style=\"text-align: justify;\"><!--more--><\/p>\n<p style=\"text-align: justify;\"><span style=\"color: #000000;\">Eine arktische K\u00e4ltewelle \u00fcberzieht Cincinnati. Obdachlose, die in den Schutzunterk\u00fcnften keinen Platz mehr finden, verbringen den Tag in den beheizten R\u00e4umen der \u00f6ffentlichen Bibliothek. Sie lesen, benutzen den Computer, nutzen die Sanit\u00e4ranlagen f\u00fcr die notwendigsten Zwecke. Soweit gestattet es die Leitung, schlie\u00dflich ist es \u00f6ffentlicher Raum, doch nur w\u00e4hrend der regul\u00e4ren \u00d6ffnungszeiten. Als in zwei N\u00e4chten hintereinander zwei Obdachlose erfrieren, beschlie\u00dft der harte Kern von Nutzern der Bibliothek, diese auch \u00fcber Nacht zu besetzen. Unfreiwillig wird der Bibliothekar Stuart Goodson zur Speerspitze des Ungehorsams, der selbst mit einer dubiosen Vergangenheit zu k\u00e4mpfen hat. Die menschliche Trag\u00f6die wird auf einmal f\u00fcr politische Zwecke missbraucht, und zum Spielball egoistischer Beweggr\u00fcnde.<\/span><\/p>\n<p style=\"text-align: justify;\"><span style=\"color: #000000;\">Es ist wahrlich selten geworden, dass man einen Film geboten bekommt, der mit viel positiver Energie geladen ist. Da wird das Drama nicht \u00fcberstrapaziert, es springt aber auch nie ein rosa Kaninchen aus dem Zylinder. Man merkt, wie viel Zeit und Gedanken Emilio Estevez beim Schreiben seines Drehbuch aufgebracht hat. Im Eigentlichen gibt es eine klare schwarzwei\u00df Zeichnung, aber es wird immer wieder klar, dass dies nicht durchbrochen werden kann. Dass es auch niemand von oberster Stelle durchbrechen will, dazu ist das System zu fest gefahren, und zu sehr mit sich selbst besch\u00e4ftigt. Die Besetzung der Bibliothek ist rechtswidrig, muss also ger\u00e4umt werden. Der Zuspruch aus der Bev\u00f6lkerung f\u00fcr die Obdachlosen wird irrelevant. Demokratie wird juristische Auslegungssache.<\/span><\/p>\n<p style=\"text-align: justify;\"><span style=\"color: #000000;\">Estevez reichert seine Geschichte mit einigen sehr interessanten Charaktere an, die alle ihre eigene B\u00fcrde mit sich ziehen. Das lockert den Film ungemein auf, l\u00f6st immer wieder die Spannung im Inneren der Bibliothek. Doch genau an dieser Stelle bricht der Film auseinander. Diese vielen einzelnen Schicksale finden nicht zusammen. So spannend jeder Charakter f\u00fcr sich zu beobachten ist, hat keiner Einfluss auf den Kern der Geschichte. Das mag im richtigen Leben ebenso zutreffend sein, aber das ist Kino nun einmal nicht. Der Film ist leicht inszeniert, ruhig fotografiert und entspannt geschnitten. Estevez und sein Kreativteam m\u00f6chten keine \u00fcberdrehten Spannungsmomente, oder k\u00fcnstlich gesteigerte Dramatik. Das macht den GANZ GEW\u00d6HNLICHEN HELDEN zu einem einnehmenden Filmgenuss, der ebenso leicht, ruhig und entspannt unterh\u00e4lt.<\/span><\/p>\n<p style=\"text-align: justify;\"><span style=\"color: #000000;\">Man w\u00fcnscht sich immer wieder dieses rosa Kaninchen, das Estevez aus dem Zylinder springen lassen sollte, aber dazu bleibt die Geschichte einfach dem Zuschauer gegen\u00fcber zu ehrlich, ohne verbissen und \u00e4rgerlich zu wirken. Und letztendlich ist das eben auch die treibende Kraft des Films, ehrlich zu sein und ehrlich zu bleiben. H\u00e4tte man die Hintergr\u00fcnde diverser Figuren geschickter in den Verlauf mit eingewoben, h\u00e4tte man fast von einem perfekten Film sprechen k\u00f6nnen. Aber knapp daneben ist nicht immer knapp vorbei. EIN GANZ GEW\u00d6HNLICHER HELD bleibt mit Abstrichen immer noch sehenswert.<\/span><\/p>\n<p style=\"text-align: center;\"><a href=\"https:\/\/www.alleyways.de\/abgeschminkt\/2019\/ein-ganz-gewoehnlicher-held-the-public\/public-2\/\" rel=\"attachment wp-att-12571\"><img loading=\"lazy\" decoding=\"async\" class=\"aligncenter size-full wp-image-12571\" title=\"Copyright KOCH FILMS\" alt=\"Public 2, Copyright KOCH FILMS\" src=\"https:\/\/www.alleyways.de\/abgeschminkt\/wp-content\/uploads\/Public-2.jpg\" width=\"640\" height=\"427\" srcset=\"https:\/\/www.alleyways.de\/abgeschminkt\/wp-content\/uploads\/Public-2.jpg 640w, https:\/\/www.alleyways.de\/abgeschminkt\/wp-content\/uploads\/Public-2-200x133.jpg 200w, https:\/\/www.alleyways.de\/abgeschminkt\/wp-content\/uploads\/Public-2-300x200.jpg 300w\" sizes=\"auto, (max-width: 640px) 100vw, 640px\" \/><\/a><\/p>\n<p style=\"padding-left: 60px;\"><em>Darsteller: Emilio Estevez, Alec Baldwin, Jena Malone, Michael Kenneth Williams, Christian Slater, Taylor Schilling, Jacob Vargas, Gabrielle Union u.a.<\/em><br \/>\n<em> Drehbuch &amp; Regie: Emilio Estevez<\/em><br \/>\n<em> Kamera: Juan Miguel Azpiroz<\/em><br \/>\n<em> Bildschnitt: Richard Chaw, Yang Hua Hu<\/em><br \/>\n<em> Musik: Tyler Bates, Joanne Higginbottom<\/em><br \/>\n<em> Produktionsdesign: David J. Bomba<\/em><br \/>\n<em> USA \/ 2018<\/em><br \/>\n<em> 119 Minuten<\/em><\/p>\n<h6>Bildrechte: <strong>Koch Films<\/strong><\/h6>\n","protected":false},"excerpt":{"rendered":"<p>THE PUBLIC &#8211; Bundesstart 25.07.2019 Im Sommer 2017 wurde bekannt, dass die Stadt Cincinnati plane, den Nordfl\u00fcgel der \u00f6ffentlichen Bibliothek zu verkaufen. Eine Aktivistengruppe nahm sich dieser Sache an und protestierte fortan bei jeder \u00f6ffentlichen Sitzung, und stellte den Verantwortlichen &hellip; <a href=\"https:\/\/www.alleyways.de\/abgeschminkt\/2019\/ein-ganz-gewoehnlicher-held-the-public\/\">Weiterlesen <span class=\"meta-nav\">&rarr;<\/span><\/a><\/p>\n","protected":false},"author":1,"featured_media":0,"comment_status":"open","ping_status":"open","sticky":false,"template":"","format":"standard","meta":{"footnotes":""},"categories":[1,4],"tags":[2269,171,2266,2268,2270,261,2267],"class_list":["post-12568","post","type-post","status-publish","format-standard","hentry","category-allgemein","category-im-kino-gesehen","tag-alec-baldwin","tag-drama","tag-ein-ganz-gewoehnlicher-held","tag-emilio-estevez","tag-jena-malone","tag-komodie","tag-the-public"],"_links":{"self":[{"href":"https:\/\/www.alleyways.de\/abgeschminkt\/wp-json\/wp\/v2\/posts\/12568","targetHints":{"allow":["GET"]}}],"collection":[{"href":"https:\/\/www.alleyways.de\/abgeschminkt\/wp-json\/wp\/v2\/posts"}],"about":[{"href":"https:\/\/www.alleyways.de\/abgeschminkt\/wp-json\/wp\/v2\/types\/post"}],"author":[{"embeddable":true,"href":"https:\/\/www.alleyways.de\/abgeschminkt\/wp-json\/wp\/v2\/users\/1"}],"replies":[{"embeddable":true,"href":"https:\/\/www.alleyways.de\/abgeschminkt\/wp-json\/wp\/v2\/comments?post=12568"}],"version-history":[{"count":6,"href":"https:\/\/www.alleyways.de\/abgeschminkt\/wp-json\/wp\/v2\/posts\/12568\/revisions"}],"predecessor-version":[{"id":12576,"href":"https:\/\/www.alleyways.de\/abgeschminkt\/wp-json\/wp\/v2\/posts\/12568\/revisions\/12576"}],"wp:attachment":[{"href":"https:\/\/www.alleyways.de\/abgeschminkt\/wp-json\/wp\/v2\/media?parent=12568"}],"wp:term":[{"taxonomy":"category","embeddable":true,"href":"https:\/\/www.alleyways.de\/abgeschminkt\/wp-json\/wp\/v2\/categories?post=12568"},{"taxonomy":"post_tag","embeddable":true,"href":"https:\/\/www.alleyways.de\/abgeschminkt\/wp-json\/wp\/v2\/tags?post=12568"}],"curies":[{"name":"wp","href":"https:\/\/api.w.org\/{rel}","templated":true}]}}