{"id":12993,"date":"2019-10-27T20:19:07","date_gmt":"2019-10-27T19:19:07","guid":{"rendered":"http:\/\/www.alleyways.de\/abgeschminkt\/?p=12993"},"modified":"2019-10-28T07:44:10","modified_gmt":"2019-10-28T06:44:10","slug":"die-addams-family","status":"publish","type":"post","link":"https:\/\/www.alleyways.de\/abgeschminkt\/2019\/die-addams-family\/","title":{"rendered":"DIE ADDAMS FAMILY"},"content":{"rendered":"<p style=\"text-align: right;\"><a href=\"https:\/\/www.alleyways.de\/abgeschminkt\/2019\/die-addams-family\/addams-family\/\" rel=\"attachment wp-att-13004\"><img loading=\"lazy\" decoding=\"async\" class=\"alignleft size-full wp-image-13004\" title=\"Copyright Universal Pictures International\" alt=\"THE ADDAMS FAMILY, Copyright Universal Pictures International\" src=\"https:\/\/www.alleyways.de\/abgeschminkt\/wp-content\/uploads\/Addams-Family.jpg\" width=\"260\" height=\"368\" srcset=\"https:\/\/www.alleyways.de\/abgeschminkt\/wp-content\/uploads\/Addams-Family.jpg 260w, https:\/\/www.alleyways.de\/abgeschminkt\/wp-content\/uploads\/Addams-Family-141x200.jpg 141w, https:\/\/www.alleyways.de\/abgeschminkt\/wp-content\/uploads\/Addams-Family-211x300.jpg 211w\" sizes=\"auto, (max-width: 260px) 100vw, 260px\" \/><\/a><em>THE ADDAMS FAMILY<br \/>\n&#8211; Bundesstart 24.10.2019<\/em><\/p>\n<p style=\"text-align: justify;\"><span style=\"color: #000000;\">Es ist erstaunlich. Erst f\u00fchrt Greg Tiernan \u00fcber Jahre hinweg Regie bei der Kinder-Serie THOMAS &#8211; DIE KLEINE LOKOMOTIVE. Und dann mit einem Paukenschlag, \u00fcbernimmt er die F\u00fchrung bei SAUSAGE PARTY, dem unanst\u00e4ndigsten Zeichentrickfilm seit FRITZ THE CAT. Genau genommen ist FRITZ ein kastrierter Kater zu SAUSAGE PARTY. Trommelwirbel, schon der Nachfolger bringt Greg Tiernan zur\u00fcck in die gem\u00e4\u00dfigte Kinderunterhaltung. Da ein angedachter dritter Addams-Film von Barry Sonnenfeld ohne des verblichenen Raul Julia eine Travestie gewesen w\u00e4re, mussten neue Wege gefunden werden. Der naheliegendste Weg scheiterte daran, dass der 1998 gedrehte TV-Film wie ein offener Beinbruch aufgenommen wurde. Erst weitere 21 Jahre sp\u00e4ter kommt Greg Tiernan, mit Unterst\u00fctzung von Conrad Vernon, zum Einsatz. Ihr Ergebnis ist weniger drastisch, vielleicht ein Papierschnitt.<\/span><\/p>\n<p style=\"text-align: justify;\"><span style=\"color: #000000;\"><!--more--><\/span><br \/>\n<span style=\"color: #000000;\"> Sie haben sich gesucht und gefunden, Morticia Frump und Gomez Addams. Die fast achtzig Jahre alten Charakter hatten bis zur Fernsehserie 1964 noch keine Vornamen, nur so am Rande. Sie haben das perfekte Eigenheim, um ihre Kinder Wednesday und Pugsley aufwachsen zu lassen. D\u00fcster, heruntergekommen, \u00fcbler Geruch, und Geister. Wundervoll. W\u00e4re da nicht Margaux Needler, die mit ihrer Heimwerker Reality Show die gesamte Stadt zu einem uniformen Alptraum von Vorstadtidyll zimmern l\u00e4sst. Da ist das Anwesen der Addams, thronend \u00fcber der Stadt, nat\u00fcrlich eine spie\u00dfb\u00fcrgerliche Katastrophe.<\/span><\/p>\n<p style=\"text-align: justify;\"><span style=\"color: #000000;\">Sarkasmus und schwarzer Humor gehen oftmals nicht Hand in Hand mit Kindergem\u00fctern, wo der Erwachsene gerne mal ein Kichern h\u00f6ren l\u00e4sst. So ist zum Beispiel eine unter der Guillotine schlafende Wednesday ziemlich fragw\u00fcrdig, w\u00e4hrend anderseits Kinderherzen bei einem wieder zum Leben erweckter Frosch im Biologie Unterricht schon wieder h\u00f6her schlagen. Vor Freude, nicht wegen Infarkt. Das hat ja schon bei E.T. funktioniert. Schon ist man beim Drehbuch von Matt Lieberman und Pamela Pettler, die nicht mit filmischen Zitaten geizen. Da ist eben die E.T. Reminiszenz mit den Fr\u00f6schen, die mit einem Blick auf FRANKENSTEIN beginnt. Der Geist aus Amityville begr\u00fc\u00dft die neuen Bewohner, und ein ikonischer Satz aus WATCHMEN f\u00e4llt. Und am auff\u00e4lligsten, aber dennoch am sch\u00f6nsten, ist der Verweis auf einen bestimmten Clown.<\/span><\/p>\n<p style=\"text-align: justify;\"><span style=\"color: #000000;\">Aber nicht nur massenhaft Zitate halten die Macher f\u00fcr das begierige Publikum bereit, sondern auch viele kleine Absurdit\u00e4ten die so ganz nebenbei oder fast unerkannt im Hintergrund geschehen. Das Ganze reicht nicht an die Filme von 1991 und 1993 heran (&#8222;Er hat die Augen deines Vaters.&#8220; &#8222;Gomez, nimm sie ihm aus dem Mund.&#8220;). Doch wenn man sich vor Augen h\u00e4lt, solange man sie noch hat, dass DIE ADDAMS FAMILY als Film ab 6 Jahre konzipiert wurde, k\u00f6nnten die schwarzhumorigen Einf\u00e4lle fast schon wieder etwas zu d\u00fcster und rigoros sein. Das muss keine Allgemeing\u00fcltigkeit haben, Eltern m\u00fcssen in diesem Fall ihre Kleinen selbst entsprechend einsch\u00e4tzen.<\/span><\/p>\n<p style=\"text-align: justify;\"><span style=\"color: #000000;\"><a href=\"https:\/\/www.alleyways.de\/abgeschminkt\/2019\/die-addams-family\/the-addams-family\/\" rel=\"attachment wp-att-12996\"><span style=\"color: #000000;\"><img loading=\"lazy\" decoding=\"async\" class=\"aligncenter size-full wp-image-12996\" title=\"Copyright Universal Pictures International\" alt=\"THE ADDAMS FAMILY b, Copyright Universal Pictures International\" src=\"https:\/\/www.alleyways.de\/abgeschminkt\/wp-content\/uploads\/Addams-Family-19-b.jpg\" width=\"640\" height=\"337\" srcset=\"https:\/\/www.alleyways.de\/abgeschminkt\/wp-content\/uploads\/Addams-Family-19-b.jpg 640w, https:\/\/www.alleyways.de\/abgeschminkt\/wp-content\/uploads\/Addams-Family-19-b-200x105.jpg 200w, https:\/\/www.alleyways.de\/abgeschminkt\/wp-content\/uploads\/Addams-Family-19-b-300x157.jpg 300w\" sizes=\"auto, (max-width: 640px) 100vw, 640px\" \/><\/span><\/a><\/span><\/p>\n<p style=\"text-align: justify;\"><span style=\"color: #000000;\">Die Handlung selbst gibt nicht viel her. Diese ist klassisch auf Kinder zugeschnitten, und stellt an Erwachsene kaum Anspr\u00fcche. Es geht um Toleranz, Akzeptanz, Freundschaft und Zusammenhalt. In seinen moralischen Aussagen ist der Film wenig subtil, eher eine Pfeilspitze ins Hinterteil. Das w\u00e4re alles \u00fcberhaupt keine Rede wert, allerdings schafft es weder Drehbuch noch Regie, die zwei angesprochenen Altersgruppen harmonisch ineinander zu verweben. Zugegeben sind die fast 90 Minuten Laufzeit erfrischend kurzweilig, aber der Film ist kein in sich geschlossenes Ganzes. Es kommt einer Nummernrevue gleich, wo Gag f\u00fcr Gag und Szene f\u00fcr Szene abgearbeitet werden. Das darf keineswegs missverstanden werden, als w\u00e4re ADDAMS FAMILY lieblos gestaltet. Keineswegs. Aber mit dem Vergn\u00fcgen bleibt immer das eisige Gef\u00fchl, wie wenn einem ein Geist in den Nacken haucht.<\/span><\/p>\n<p style=\"text-align: justify;\"><span style=\"color: #000000;\">Technisch ist der Film tadellos. Schnitt und Ton sind zeitgem\u00e4\u00df, allerdings ohne innovative Einsch\u00fcbe. \u00dcber die Zeichnung der Figuren l\u00e4sst sich, wie \u00fcblich im heutigen Animationsfilm, herzlich streiten. Die anatomisch \u00fcbersteigerten K\u00f6rper und perspektivisch verzerrten und stets wechselnden Settings sind eben nicht jedermanns Sache. Daf\u00fcr gibt es eine herrliche Auswahl an Melodien zu h\u00f6ren, die Diener Lurch mit dem eiskalten H\u00e4ndchen an der Orgel zum Besten gibt. Auch hier gibt es wohl dosierte Anspielungen. Und wer die M\u00f6glichkeit hat, die Original-Sprachfassung zu h\u00f6ren, wird mit einem Killer-Ensemble belohnt, das einem die Ohren bluten. Ansonsten, da Lachen ansteckend ist, nicht etwa wie eine unheilbare Virusinfektion, empfiehlt es sich, DIE ADDAMS FAMILY in einer Kindervorstellung zu sehen. Dann werden auch die kleinen Geister der Unzufriedenheit etwas gem\u00e4\u00dfigt.<\/span><\/p>\n<p style=\"text-align: center;\"><a href=\"https:\/\/www.alleyways.de\/abgeschminkt\/2019\/die-addams-family\/the-addams-family-2\/\" rel=\"attachment wp-att-12997\"><img loading=\"lazy\" decoding=\"async\" class=\"aligncenter  wp-image-12997\" title=\"Copyright Universal Pictures International\" alt=\"THE ADDAMS FAMILY, Copyright Universal Pictures International\" src=\"https:\/\/www.alleyways.de\/abgeschminkt\/wp-content\/uploads\/Addams-Family-19-c.jpg\" width=\"640\" height=\"337\" srcset=\"https:\/\/www.alleyways.de\/abgeschminkt\/wp-content\/uploads\/Addams-Family-19-c.jpg 640w, https:\/\/www.alleyways.de\/abgeschminkt\/wp-content\/uploads\/Addams-Family-19-c-200x105.jpg 200w, https:\/\/www.alleyways.de\/abgeschminkt\/wp-content\/uploads\/Addams-Family-19-c-300x157.jpg 300w\" sizes=\"auto, (max-width: 640px) 100vw, 640px\" \/><\/a><\/p>\n<p style=\"padding-left: 30px;\"><em>Sprecher:<\/em><\/p>\n<p style=\"padding-left: 60px;\"><em><strong>Oscar Isaac<\/strong> \/ Alexander Doering &#8211; <strong>Gomez<\/strong><\/em><br \/>\n<em><strong> Charlize Theron<\/strong> \/ Katrin Fr\u00f6hlich &#8211; <strong>Morticia<\/strong><\/em><br \/>\n<em><strong> Allison Janney<\/strong> \/ Ulrike M\u00f6ckel &#8211; <strong>Margaux Needler<\/strong><\/em><br \/>\n<em><strong> Chlo\u00eb Grace Moretz<\/strong> \/ Luisa Wietzorek &#8211; <strong>Wednesday<\/strong><\/em><br \/>\n<em><strong> Finn Wolfhard<\/strong> \/ Oliver Szerkus &#8211; <strong>Pugsley<\/strong> <\/em><br \/>\n<em><strong> Nick Kroll<\/strong> \/ Michael Iwannek <strong>&#8211; Onkel Fester<\/strong><\/em><br \/>\n<em><strong> Bette Midler<\/strong> \/ Joseline Gassen<strong> &#8211; Grandma<\/strong><\/em><br \/>\n<em><strong> Tituss Burgess<\/strong> \/ Manuel Straube<strong> &#8211; Glenn<\/strong><\/em><br \/>\n<em><strong> Martin Short<\/strong> \/ Lutz Riedel <strong>&#8211; Grandpa Frump<\/strong><\/em><br \/>\n<em><strong> Catherine O&#8217;Hara<\/strong> \/ Marianne Gro\u00df <strong>&#8211; Grandma Frump<\/strong><\/em><br \/>\n<em> u.a.<\/em><\/p>\n<p style=\"padding-left: 30px;\"><em>Regie: <strong>Greg Tiernan, Conrad Vernon<\/strong><\/em><br \/>\n<em> Drehbuch: <strong>Matt Lieberman, Pamela Pettler<\/strong><\/em><br \/>\n<em> Bildschnitt: <strong>Kevin Pavlovic, David Ian Salter<\/strong><\/em><br \/>\n<em> Musik: <strong>Jeff Danna, Mychael Danna<\/strong><\/em><br \/>\n<em> Produktionsdesign: <strong>Patricia Atchison, Kyle McQueen<\/strong><\/em><br \/>\n<em><strong> Gro\u00dfbritannien &#8211; Kanada &#8211; USA<\/strong> \/ 2019<\/em><br \/>\n<em><strong> 86<\/strong> Minuten<\/em><\/p>\n<h6>Bildrechte: <strong>Universal Pictures International<\/strong><\/h6>\n","protected":false},"excerpt":{"rendered":"<p>THE ADDAMS FAMILY &#8211; Bundesstart 24.10.2019 Es ist erstaunlich. Erst f\u00fchrt Greg Tiernan \u00fcber Jahre hinweg Regie bei der Kinder-Serie THOMAS &#8211; DIE KLEINE LOKOMOTIVE. Und dann mit einem Paukenschlag, \u00fcbernimmt er die F\u00fchrung bei SAUSAGE PARTY, dem unanst\u00e4ndigsten Zeichentrickfilm &hellip; <a href=\"https:\/\/www.alleyways.de\/abgeschminkt\/2019\/die-addams-family\/\">Weiterlesen <span class=\"meta-nav\">&rarr;<\/span><\/a><\/p>\n","protected":false},"author":1,"featured_media":0,"comment_status":"open","ping_status":"open","sticky":false,"template":"","format":"standard","meta":{"footnotes":""},"categories":[1,4],"tags":[2347,590,261,362,1110],"class_list":["post-12993","post","type-post","status-publish","format-standard","hentry","category-allgemein","category-im-kino-gesehen","tag-addams-family","tag-animation","tag-komodie","tag-remake","tag-satire"],"_links":{"self":[{"href":"https:\/\/www.alleyways.de\/abgeschminkt\/wp-json\/wp\/v2\/posts\/12993","targetHints":{"allow":["GET"]}}],"collection":[{"href":"https:\/\/www.alleyways.de\/abgeschminkt\/wp-json\/wp\/v2\/posts"}],"about":[{"href":"https:\/\/www.alleyways.de\/abgeschminkt\/wp-json\/wp\/v2\/types\/post"}],"author":[{"embeddable":true,"href":"https:\/\/www.alleyways.de\/abgeschminkt\/wp-json\/wp\/v2\/users\/1"}],"replies":[{"embeddable":true,"href":"https:\/\/www.alleyways.de\/abgeschminkt\/wp-json\/wp\/v2\/comments?post=12993"}],"version-history":[{"count":8,"href":"https:\/\/www.alleyways.de\/abgeschminkt\/wp-json\/wp\/v2\/posts\/12993\/revisions"}],"predecessor-version":[{"id":13006,"href":"https:\/\/www.alleyways.de\/abgeschminkt\/wp-json\/wp\/v2\/posts\/12993\/revisions\/13006"}],"wp:attachment":[{"href":"https:\/\/www.alleyways.de\/abgeschminkt\/wp-json\/wp\/v2\/media?parent=12993"}],"wp:term":[{"taxonomy":"category","embeddable":true,"href":"https:\/\/www.alleyways.de\/abgeschminkt\/wp-json\/wp\/v2\/categories?post=12993"},{"taxonomy":"post_tag","embeddable":true,"href":"https:\/\/www.alleyways.de\/abgeschminkt\/wp-json\/wp\/v2\/tags?post=12993"}],"curies":[{"name":"wp","href":"https:\/\/api.w.org\/{rel}","templated":true}]}}