{"id":17314,"date":"2021-08-25T22:00:19","date_gmt":"2021-08-25T21:00:19","guid":{"rendered":"http:\/\/www.alleyways.de\/abgeschminkt\/?p=17314"},"modified":"2021-08-25T23:39:50","modified_gmt":"2021-08-25T22:39:50","slug":"the-father","status":"publish","type":"post","link":"https:\/\/www.alleyways.de\/abgeschminkt\/2021\/the-father\/","title":{"rendered":"THE FATHER"},"content":{"rendered":"<h3 style=\"text-align: right;\"><a href=\"https:\/\/www.alleyways.de\/abgeschminkt\/2021\/the-father\/father-copyright-tobis-film\/\" rel=\"attachment wp-att-17316\"><img loading=\"lazy\" decoding=\"async\" class=\"alignleft wp-image-17316 size-full\" title=\"Father - Copyright TOBIS Film\" src=\"https:\/\/www.alleyways.de\/abgeschminkt\/wp-content\/uploads\/Father-Copyright-TOBIS-Film.jpg\" alt=\"Father - Copyright TOBIS Film\" width=\"250\" height=\"375\" srcset=\"https:\/\/www.alleyways.de\/abgeschminkt\/wp-content\/uploads\/Father-Copyright-TOBIS-Film.jpg 250w, https:\/\/www.alleyways.de\/abgeschminkt\/wp-content\/uploads\/Father-Copyright-TOBIS-Film-200x300.jpg 200w, https:\/\/www.alleyways.de\/abgeschminkt\/wp-content\/uploads\/Father-Copyright-TOBIS-Film-133x200.jpg 133w\" sizes=\"auto, (max-width: 250px) 100vw, 250px\" \/><\/a><strong>&#8211; Bundesstart 26.08.2021<\/strong><\/h3>\n<p style=\"text-align: justify;\"><span style=\"color: #000000;\">Es ist ja nun schon so etwas wie ein kleines Sub-Genre im psychologischen Drama. Immer mehr Filmemacher verarbeiten ihre Erfahrungen mit Demenz, sei es aus Interesse oder pers\u00f6nlicher Betroffenheit. Das Thema Demenz r\u00fcckt in seinen diversen symptomatischen Zusammensetzungen im \u00f6ffentlichen Bewusstsein verst\u00e4rkt in den Fokus. Noch bevor sich das Interesse cineastisch dem Mainstream ann\u00e4herte, mit bekannteren Beispielen wie STILL ALICE, THE ROADS NOT TAKEN oder FALLING, hat Florian Zeller 2012 THE FATHER auf die B\u00fchne gebracht. Der Erfolg auf der Leinwand ist also zum gr\u00f6\u00dften Teil dem ph\u00e4nomenalen Zuspruch auf den weltweiten B\u00fchnen zu verdanken. Aber dem Dank wegen des Theatererfolgs schlie\u00dft sich umgehend die grandiose Anziehungskraft von Anthony Hopkins an. Dem Darsteller aber eine seiner besten Leistung zu attestieren, w\u00e4re vielleicht gar nicht richtig, und w\u00fcrde Hopkins auch nicht gerecht werden.<\/span><\/p>\n<p><!--more--><\/p>\n<p style=\"text-align: justify;\"><span style=\"color: #000000;\">Der \u00fcber achtzigj\u00e4hrige Witwer Anthony lebt alleine in seinem ausladenden Apartment in London. Seine Tochter Anne k\u00fcmmert sich um ihn, seit Anthony wieder einmal eine Pflegekraft aus dem Haus getrieben hat. Allerdings gibt es einschneidende Ver\u00e4nderungen auf beiden Seiten. Die eine ist, dass Anne jemanden kennen gelernt hat, dem sie nach Paris folgen wird. \u00dcber das Schicksal von Anthony braucht man nicht viel spekulieren. Ganz behutsam f\u00fchrt uns Florian Zeller, der zum Vorteil von Film und Zuschauer selbst die Inszenierung \u00fcbernommen hat, an den geistigen Zustand von Anthony heran.<\/span><\/p>\n<p style=\"text-align: justify;\"><span style=\"color: #000000;\">Einige Filme haben bisher sehr eindrucksvoll geschildert wie sich eine Demenz-Erkrankung auf das Umfeld der Betroffenen auswirkt. Aber bis zu THE FATHER hat kaum ein Film aus der Sicht des Erkrankten erz\u00e4hlt. In dem uns Florian Zeller in die Situation von beiden Seiten versetzt, werden wir sehr viel mehr als nur Beobachter. Es ist ein wahres Kunstst\u00fcck, wie stark an der inszenatorischen Form einer Theaterauff\u00fchrung festgehalten wird, um letztendlich mit filmischen Elementen die Barriere zwischen Leinwand und uns aufzuheben.<\/span><\/p>\n<p><a href=\"https:\/\/www.alleyways.de\/abgeschminkt\/2021\/the-father\/father-1-copyright-tobis-film\/\" rel=\"attachment wp-att-17317\"><img loading=\"lazy\" decoding=\"async\" class=\"alignleft wp-image-17317 size-full\" title=\"Father 1 - Copyright TOBIS Film\" src=\"https:\/\/www.alleyways.de\/abgeschminkt\/wp-content\/uploads\/Father-1-Copyright-TOBIS-Film.jpg\" alt=\"Father 1 - Copyright TOBIS Film\" width=\"640\" height=\"427\" srcset=\"https:\/\/www.alleyways.de\/abgeschminkt\/wp-content\/uploads\/Father-1-Copyright-TOBIS-Film.jpg 640w, https:\/\/www.alleyways.de\/abgeschminkt\/wp-content\/uploads\/Father-1-Copyright-TOBIS-Film-300x200.jpg 300w, https:\/\/www.alleyways.de\/abgeschminkt\/wp-content\/uploads\/Father-1-Copyright-TOBIS-Film-200x133.jpg 200w\" sizes=\"auto, (max-width: 640px) 100vw, 640px\" \/><\/a><\/p>\n<p style=\"text-align: justify;\"><span style=\"color: #000000;\">Erz\u00e4hlt wird die Geschichte aus dem Munde von Anne, doch wir erleben alles aus der Perspektive von Anthony. Anfangs sind wir dessen nicht bewusst, es verwirren uns nur Details. Man darf aber nicht weiter darauf eingehen, wie Zellers Inszenierung funktioniert, weil man sonst die Wirkung seines Films vorweg nehmen w\u00fcrde. Wir leiden ohnehin mit Anthony und seiner Situation. Aber wir leiden genauso intensiv mit Anne. In THE FATHER f\u00fchlen wir auf ganz besondere, sehr ungew\u00f6hnliche Weise mit. Ein sehr emotionaler Effekt aus der beeindruckenden Verbindung von Elementen eines klassischen Kammerspiels und den suggestiven Funktionen der Filmtechnik.<\/span><\/p>\n<p style=\"text-align: justify;\"><span style=\"color: #000000;\">Es steht au\u00dfer Frage, dass Anthony Hopkins mit seiner charismatischen Pr\u00e4senz den Film dominiert. Was aber auch vom Konzept der Erz\u00e4hlung vorgegeben ist. Allerdings sah man den mittlerweile 83 Jahre alten Waliser kaum in einer so verletzlichen Rolle. Auch wenn man versucht sein sollte ihm unbedingt die beste Leistung seiner Karriere nachzusagen, trifft es nicht wirklich den Kern der hier entstehenden emotionalen Bindung. Nicht nur f\u00fcr Cineasten, sondern auch in der allgemeinen Wahrnehmung ist die Person Anthony Hopkins weit mehr als nur ein Begriff. Die Frage ist unausweichlich, wie weit so eine Person des \u00f6ffentliches Interesses eigentlich von dem Schicksal ihres Charakters weg ist. Und dann fragen wir uns, wie weit wir eigentlich davon entfernt sind. Florian Zeller zeigt uns, dass wir es nicht herausfinden m\u00f6chten.<\/span><\/p>\n<p><a href=\"https:\/\/www.alleyways.de\/abgeschminkt\/2021\/the-father\/father-2-copyright-tobis-film\/\" rel=\"attachment wp-att-17318\"><img loading=\"lazy\" decoding=\"async\" class=\"alignleft wp-image-17318 size-full\" title=\"Father 2 - Copyright TOBIS Film\" src=\"https:\/\/www.alleyways.de\/abgeschminkt\/wp-content\/uploads\/Father-2-Copyright-TOBIS-Film.jpg\" alt=\"Father 2 - Copyright TOBIS Film\" width=\"640\" height=\"427\" srcset=\"https:\/\/www.alleyways.de\/abgeschminkt\/wp-content\/uploads\/Father-2-Copyright-TOBIS-Film.jpg 640w, https:\/\/www.alleyways.de\/abgeschminkt\/wp-content\/uploads\/Father-2-Copyright-TOBIS-Film-300x200.jpg 300w, https:\/\/www.alleyways.de\/abgeschminkt\/wp-content\/uploads\/Father-2-Copyright-TOBIS-Film-200x133.jpg 200w\" sizes=\"auto, (max-width: 640px) 100vw, 640px\" \/><\/a><\/p>\n<p>&nbsp;<\/p>\n<p style=\"padding-left: 40px;\"><em><span style=\"color: #000000;\">Darsteller: <strong>Anthony Hopkins, Olivia Coleman, Rufus Sewell, Imogen Poots, Olivia Williams, Mark Gatiss<\/strong> u.a.<\/span><\/em><br \/>\n<em><span style=\"color: #000000;\">Regie: <strong>Florian Zeller<\/strong><\/span><\/em><br \/>\n<em><span style=\"color: #000000;\">Drehbuch: <strong>Florian Zeller, Christopher Hampton<\/strong><\/span><\/em><br \/>\n<em><span style=\"color: #000000;\">Kamera: <strong>Ben Smithard<\/strong><\/span><\/em><br \/>\n<em><span style=\"color: #000000;\">Bildschnitt: <strong>Yorgos Lamprinos<\/strong><\/span><\/em><br \/>\n<em><span style=\"color: #000000;\">Musik: <strong>Ludovico Enaudi<\/strong><\/span><\/em><br \/>\n<em><span style=\"color: #000000;\">Produktionsdesign: <strong>Peter Francis<\/strong><\/span><\/em><br \/>\n<strong><em><span style=\"color: #000000;\">Grobritannien &#8211; Frankreich \/ 2020<\/span><\/em><\/strong><br \/>\n<em><span style=\"color: #000000;\"><strong>97<\/strong> Minuten<\/span><\/em><\/p>\n<h6>Bildrechte: <strong>TOBIS Film<\/strong><\/h6>\n","protected":false},"excerpt":{"rendered":"<p>&#8211; Bundesstart 26.08.2021 Es ist ja nun schon so etwas wie ein kleines Sub-Genre im psychologischen Drama. Immer mehr Filmemacher verarbeiten ihre Erfahrungen mit Demenz, sei es aus Interesse oder pers\u00f6nlicher Betroffenheit. Das Thema Demenz r\u00fcckt in seinen diversen symptomatischen &hellip; <a href=\"https:\/\/www.alleyways.de\/abgeschminkt\/2021\/the-father\/\">Weiterlesen <span class=\"meta-nav\">&rarr;<\/span><\/a><\/p>\n","protected":false},"author":5,"featured_media":0,"comment_status":"open","ping_status":"open","sticky":false,"template":"","format":"standard","meta":{"footnotes":""},"categories":[1,6,4],"tags":[136,171,3668,40,3667],"class_list":["post-17314","post","type-post","status-publish","format-standard","hentry","category-allgemein","category-im-fernsehen-gesehen","category-im-kino-gesehen","tag-anthony-hopkins","tag-drama","tag-olivia-coleman","tag-oscar","tag-the-father"],"_links":{"self":[{"href":"https:\/\/www.alleyways.de\/abgeschminkt\/wp-json\/wp\/v2\/posts\/17314","targetHints":{"allow":["GET"]}}],"collection":[{"href":"https:\/\/www.alleyways.de\/abgeschminkt\/wp-json\/wp\/v2\/posts"}],"about":[{"href":"https:\/\/www.alleyways.de\/abgeschminkt\/wp-json\/wp\/v2\/types\/post"}],"author":[{"embeddable":true,"href":"https:\/\/www.alleyways.de\/abgeschminkt\/wp-json\/wp\/v2\/users\/5"}],"replies":[{"embeddable":true,"href":"https:\/\/www.alleyways.de\/abgeschminkt\/wp-json\/wp\/v2\/comments?post=17314"}],"version-history":[{"count":6,"href":"https:\/\/www.alleyways.de\/abgeschminkt\/wp-json\/wp\/v2\/posts\/17314\/revisions"}],"predecessor-version":[{"id":17339,"href":"https:\/\/www.alleyways.de\/abgeschminkt\/wp-json\/wp\/v2\/posts\/17314\/revisions\/17339"}],"wp:attachment":[{"href":"https:\/\/www.alleyways.de\/abgeschminkt\/wp-json\/wp\/v2\/media?parent=17314"}],"wp:term":[{"taxonomy":"category","embeddable":true,"href":"https:\/\/www.alleyways.de\/abgeschminkt\/wp-json\/wp\/v2\/categories?post=17314"},{"taxonomy":"post_tag","embeddable":true,"href":"https:\/\/www.alleyways.de\/abgeschminkt\/wp-json\/wp\/v2\/tags?post=17314"}],"curies":[{"name":"wp","href":"https:\/\/api.w.org\/{rel}","templated":true}]}}