{"id":19824,"date":"2022-10-24T07:07:52","date_gmt":"2022-10-24T05:07:52","guid":{"rendered":"https:\/\/www.alleyways.de\/abgeschminkt\/?p=19824"},"modified":"2022-10-23T23:54:45","modified_gmt":"2022-10-23T21:54:45","slug":"dcs-black-adam","status":"publish","type":"post","link":"https:\/\/www.alleyways.de\/abgeschminkt\/2022\/dcs-black-adam\/","title":{"rendered":"DCs  BLACK ADAM"},"content":{"rendered":"<h3 style=\"text-align: right;\"><strong><a href=\"https:\/\/www.alleyways.de\/abgeschminkt\/?attachment_id=19812\" rel=\"attachment wp-att-19812\"><img loading=\"lazy\" decoding=\"async\" class=\"alignleft wp-image-19812 size-full\" title=\"Black Adam - Copyright WARNER BROS\" src=\"https:\/\/www.alleyways.de\/abgeschminkt\/wp-content\/uploads\/Black-Adam-Copyright-WARNER-BROS.jpeg\" alt=\"Black Adam - Copyright WARNER BROS\" width=\"258\" height=\"365\" srcset=\"https:\/\/www.alleyways.de\/abgeschminkt\/wp-content\/uploads\/Black-Adam-Copyright-WARNER-BROS.jpeg 258w, https:\/\/www.alleyways.de\/abgeschminkt\/wp-content\/uploads\/Black-Adam-Copyright-WARNER-BROS-212x300.jpeg 212w, https:\/\/www.alleyways.de\/abgeschminkt\/wp-content\/uploads\/Black-Adam-Copyright-WARNER-BROS-141x200.jpeg 141w\" sizes=\"auto, (max-width: 258px) 100vw, 258px\" \/><\/a>&#8211; Bundesstart 12.10.2022<\/strong><\/h3>\n<p style=\"text-align: justify;\"><span style=\"color: #000000;\">&#8218;The Rock&#8216; sieht eine gro\u00dfartige Zukunft f\u00fcr das DC Extended Universe. Der nur noch in Freizeit catchende Dwayne Johnson meint das nicht ganz uneigenn\u00fctzig, schlie\u00dflich plant er schon selbst eine Fortsetzung zu dem Film, der gerade erst am anlaufen ist. Und wenn geneigte Zuschauende nicht schon beim ersten Titel des Abspanns das Theater verlassen, werden sie auch verstehen, was Dwayne &#8218;The Rock&#8216; Johnson damit meint. Seit Jahren verfolgt der charismatische Schauspieler die Adaption des Erzfeindes von Shazam, der ja bereits seine eigenen, sehr erfolgreiche Verfilmung bekommen hat. Im Moment gehen aber Black Adam, der hier noch auf seinen urspr\u00fcnglichen Namen Teth-Adam h\u00f6rt, und Shazam getrennte Wege. Im DC Film-Universum erfreuen sich die Adaptionen rund um die Antagonisten gr\u00f6\u00dferer Beliebtheit, weshalb die Macher BLACK ADAM einen Einzelfilm g\u00f6nnen, der auf die typische Origin-Story setzt.<\/span><\/p>\n<p><!--more--><\/p>\n<p style=\"text-align: justify;\"><span style=\"color: #000000;\">3000 vor Christi befreit ein Sklavenjungen das unterdr\u00fcckte Volk von Kahndaq. Sechs Magier geben ihm die Kraft von Shazam, unverwundbar und unsterblich wird der Junge zu Teth-Adam, dem Befreier von Kahndaq. Das erz\u00e4hlt Regisseur Jaume Collet-Serra sehr ausf\u00fchrlich mit sehr vielen Zeitlupen, extrem ents\u00e4ttigen Farben, und einem expliziten Gewaltanteil, der umgehend Jack Snyders 300 in Erinnerung ruft. Was nur beabsichtigt sein kann, weil die Stilmittel unwiederbringlich mit dem Spartaner-Werk verbunden sind.<\/span><\/p>\n<p style=\"text-align: justify;\"><span style=\"color: #000000;\">Das macht dennoch viel Spa\u00df, wenngleich sich die Altersfreigabe von 12 umgehend in Frage stellt. Collet-Serra inszeniert in angezogenem Tempo, und treibt den Film voran. Das einzige was sehr schnell zu erm\u00fcden beginnt, sind die st\u00e4ndig eingestreuten, teilweise sinnbefreiten Zeitlupenaufnahmen. Die Verwendung dieser Bilder mit extremer Entschleunigung ist ein Kunstgriff, der hier in seinem \u00fcberm\u00e4\u00dfigen Gebrauch nur die Dynamik einzelner Sequenzen st\u00f6rt.<\/span><\/p>\n<p style=\"text-align: justify;\"><span style=\"color: #000000;\">Mit dem exzessiven Einsatz von Zeitlupen wird dann auch der Charakter Teth-Adam in seiner etwas einfachen Wesensart eingef\u00fchrt. Aus seiner 5000 Jahre langen Gefangenschaft befreit, zerlegt der Anti-Held eine komplette, moderne Kampfeinheit, im wahrsten Sinne aller g\u00e4ngigen Synonyme f\u00fcr &#8218;zerlegt&#8216;. Nicht weil Teth-Adam sein Volk von den neuen Despoten Kahnaqs befreien m\u00f6chte, sondern weil er es kann. Die Leichenzahl ist enorm, ebenso die Zahl der Eltern, welche w\u00e4hrenddessen ihre unter Zw\u00f6lfj\u00e4hrigen aus dem Auditorium dr\u00e4ngen.<\/span><\/p>\n<p><a href=\"https:\/\/www.alleyways.de\/abgeschminkt\/?attachment_id=19813\" rel=\"attachment wp-att-19813\"><img loading=\"lazy\" decoding=\"async\" class=\"alignleft wp-image-19813 size-full\" title=\"Black Adam 1 - Copyright WARNER BROS\" src=\"https:\/\/www.alleyways.de\/abgeschminkt\/wp-content\/uploads\/Black-Adam-1-Copyright-WARNER-BROS.jpeg\" alt=\"Black Adam 1 - Copyright WARNER BROS\" width=\"640\" height=\"367\" srcset=\"https:\/\/www.alleyways.de\/abgeschminkt\/wp-content\/uploads\/Black-Adam-1-Copyright-WARNER-BROS.jpeg 640w, https:\/\/www.alleyways.de\/abgeschminkt\/wp-content\/uploads\/Black-Adam-1-Copyright-WARNER-BROS-300x172.jpeg 300w, https:\/\/www.alleyways.de\/abgeschminkt\/wp-content\/uploads\/Black-Adam-1-Copyright-WARNER-BROS-200x115.jpeg 200w\" sizes=\"auto, (max-width: 640px) 100vw, 640px\" \/><\/a><\/p>\n<p>&nbsp;<\/p>\n<p style=\"text-align: justify;\"><span style=\"color: #000000;\">Der Anti-Held ist nicht nur unverwundbar, sondern hat auch Superkr\u00e4fte, kann fliegen, sich teleportieren, und mit extremer Geschwindigkeit bewegen. Das nutzt die Inszenierung, um den Spa\u00df mit der Zeittr\u00e4gheit aus X-MEN: DAYS OF FUTURE PAST zu wiederholen. W\u00e4hrend sich Teth-Adam normal bewegt, scheint die Szenerie um ihn herum eingefroren. Unter anderem steckt er da einem scheinbar stillstehenden Soldaten verschmitzt l\u00e4chelnd eine Handgranate in den Mund.<\/span><\/p>\n<p style=\"text-align: justify;\"><span style=\"color: #000000;\">Eigentlich wurde diese, schon \u00e4ltere Idee mit AB DURCH DIE HECKE (2006) perfektioniert, wird aber im Ged\u00e4chtnis der Film-Buffs mit X-MEN (2014) in Verbindung gebracht. Wenngleich tonal ganz anders umgesetzt, muss sich BLACK ADAM diesen Vergleich gefallen lassen. Sowas muss ja nicht unbedingt negativ bewertet werden. Jaume Collet-Serra scheint ein Faible f\u00fcr Filmzitate zu haben, und als kreativer Anf\u00fchrer steht ihm das zu. Letztendlich profitiert davon der Zuschauer, der viel Freude an dieser Sequenz hat.<\/span><\/p>\n<p style=\"text-align: justify;\"><span style=\"color: #000000;\">H\u00e4tte der Regisseur auf den Inszenierungsstil mit extremen Zeitlupen verzichtet, w\u00e4re BLACK ADAM um wesentliche Minuten k\u00fcrzer. Im DCEU liegt er damit ohnehin schon im Mittelfeld der Laufzeiten. Was grunds\u00e4tzlich zu begr\u00fc\u00dfen ist, weil gerade Zack Snyder, oder in einem anderen Comic-Universum besonders die Russo-Br\u00fcder mit den Filml\u00e4ngen gerne extrem gro\u00dfz\u00fcgig umgehen. Das an dieser Stelle umgekehrt verfahren wird, wird BLACK ADAM aber auch zum Verh\u00e4ngnis in der Szenenabfolge.<\/span><\/p>\n<p style=\"text-align: justify;\"><span style=\"color: #000000;\">Eine \u00fcberaus attraktive Arch\u00e4ologin in der Gestalt von Sarah Shari k\u00fcmmert sich um den Super-Anti-Helden. Sprachprobleme gibt es trotz 5000 Jahre Zeitsprung wunderlicherweise nicht. Dazu kommt das elende Versatzst\u00fcck des nervt\u00f6tenden Pubertierenden, der mit coolen Spr\u00fcchen den Schutzinstinkt von Teth-Adam weckt. Und um den wie aus dem Nichts erstandenen Antagonisten zu stoppen, wird die Justice Society of America entsandt, die erwartungsgem\u00e4\u00df unterliegen wird.<\/span><\/p>\n<p style=\"text-align: justify;\"><span style=\"color: #000000;\">Hawkman, Doctor Fate, Cyclone und Atom Smasher sind in den Comic-Ausgaben wohlbekannte Figuren. F\u00fcr den Quereinsteiger erweckt die Justice Society in diesem Film den Anschein einer Ramsch-Version der Justice League. Daf\u00fcr k\u00f6nnen weder Charaktere noch Darsteller etwas, wobei einzig Pierce Brosnan als Dr. Fate Interesse weckt und Tiefe vermittelt. Es ist Jaume Collet-Sarres Zeit-Management, bei dem er einfach viel zu viel einbringen will, daf\u00fcr aber nur viel zu wenig Zeit aufbringt.<\/span><\/p>\n<p><a href=\"https:\/\/www.alleyways.de\/abgeschminkt\/?attachment_id=19850\" rel=\"attachment wp-att-19850\"><img loading=\"lazy\" decoding=\"async\" class=\"alignleft wp-image-19850 size-full\" title=\"Black Adam 4 - Copyright WARNER BROS\" src=\"https:\/\/www.alleyways.de\/abgeschminkt\/wp-content\/uploads\/Black-Adam-4-Copyright-WARNER-BROS.jpg\" alt=\"Black Adam 4 - Copyright WARNER BROS\" width=\"640\" height=\"345\" srcset=\"https:\/\/www.alleyways.de\/abgeschminkt\/wp-content\/uploads\/Black-Adam-4-Copyright-WARNER-BROS.jpg 640w, https:\/\/www.alleyways.de\/abgeschminkt\/wp-content\/uploads\/Black-Adam-4-Copyright-WARNER-BROS-300x162.jpg 300w, https:\/\/www.alleyways.de\/abgeschminkt\/wp-content\/uploads\/Black-Adam-4-Copyright-WARNER-BROS-200x108.jpg 200w\" sizes=\"auto, (max-width: 640px) 100vw, 640px\" \/><\/a><\/p>\n<p>&nbsp;<\/p>\n<p style=\"text-align: justify;\"><span style=\"color: #000000;\">So erkl\u00e4rt sich auch Kahndaq nicht, dass entweder eine gro\u00dfe Stadt oder ein ganzer Staat sein k\u00f6nnte. Sind die einfallslos betitelten Intergang Besatzer oder Friedensw\u00e4chter? Das Szenario an den Kontrollposten weckt starke Assoziationen an beliebige Staaten im Nahen Osten. Das Volk von Kahndaq schreit seit 5000 Jahren nach Freiheit, und bejubelt schlie\u00dflich seinen Befreier Teth-Adam. Der ist eigentlich auch ein prima Despot. Aber das Drehbuch hat ihn vom unkontrollierten Zerst\u00f6rer, zum vernunftbegabten Kraftprotz gemacht.<\/span><\/p>\n<p style=\"text-align: justify;\"><span style=\"color: #000000;\">Der B\u00f6sewicht neben dem vermeintlich B\u00f6sen ist D\u00e4mon Sabbac, f\u00fcr dessen Ursprung irgendwie auch Teth-Adam in Jugendjahren verantwortlich war. Sabbac beansprucht ebenfalls den Thron von Kahndaq, was nat\u00fcrlich nicht sein darf. Aber irgendwie muss ja jeder Protagonist seinen Weg auf die richtige Seite finden. Von originell ist das weit entfernt, belohnt aber sein Publikum mit einhergehenden Schauwerten, die Dolby Atmos unterst\u00fctzt in 4K unabl\u00e4ssig \u00fcber die Leinwand donnern.<\/span><\/p>\n<p style=\"text-align: justify;\"><span style=\"color: #000000;\">Einen wirklichen Widersacher in der Figur Teth-Adam auszumachen, der Superhelden das Leben schwer macht, f\u00e4llt bei diesem Film schwer. Es ist keine B\u00f6sartigkeit in seinem Wesen bemerkbar, auch wenn er anf\u00e4nglich mit nihilistischer Brutalit\u00e4t und zynischer Gleichg\u00fcltigkeit das Publikum begeistert. Das ist so, weil der Film einer Richtung folgt, die einem Publikum gerecht werden soll, welches bei dieser expliziten Art von Inszenierung ohnehin nichts im Kino verloren hat. Der Figur entgehen dadurch anspruchsvolle Tiefen und eine kritisch betrachtete Ann\u00e4herung.<\/span><\/p>\n<p style=\"text-align: justify;\"><span style=\"color: #000000;\">F\u00fcr Risikos ist Jaume Collet-Serra nicht bereit. Die Kamerabewegungen gehen \u00fcber jedes physikalische Verst\u00e4ndnis hinaus, wenn die Optik in frenetischen Schnittfolgen das Geschehen umfliegt, die Bilder auf den Kopf stellt, hin und weg zoomt, mit Unsch\u00e4rfen spielt, und durch Objekte und Explosionen rast. Alles mit der artifiziellen Textur von Computer generierten und unterst\u00fctzen Kulissen und Landschaften. Nichts davon hat eine realistische Anmutung, und der Film begeistert damit.<\/span><\/p>\n<p style=\"text-align: justify;\"><span style=\"color: #000000;\">BLACK ADAM will das Kino gar nicht neu erfinden, er ist das moderne Kino. Mit seinen visuellen Vorz\u00fcgen und seinen inhaltlichen Nachteilen. Dwayne Johnson ist weniger Darsteller, als eine Urgewalt an Charisma, das ist was an BLACK ADAM so viel Freude bereitet. Und auch wenn Johnson sonst nicht ganz so ausdrucksstark scheint, verr\u00e4t die wirklich letzte Einstellung, das diese Figur zu viel mehr bereit w\u00e4re. Und das man damit zuk\u00fcnftig rechnen sollte.<\/span><\/p>\n<p><a href=\"https:\/\/www.alleyways.de\/abgeschminkt\/?attachment_id=19814\" rel=\"attachment wp-att-19814\"><img loading=\"lazy\" decoding=\"async\" class=\"alignleft wp-image-19814 size-full\" title=\"Black Adam 2 - Copyright WARNER BROS\" src=\"https:\/\/www.alleyways.de\/abgeschminkt\/wp-content\/uploads\/Black-Adam-2-Copyright-WARNER-BROS.jpeg\" alt=\"Black Adam 2 - Copyright WARNER BROS\" width=\"640\" height=\"294\" srcset=\"https:\/\/www.alleyways.de\/abgeschminkt\/wp-content\/uploads\/Black-Adam-2-Copyright-WARNER-BROS.jpeg 640w, https:\/\/www.alleyways.de\/abgeschminkt\/wp-content\/uploads\/Black-Adam-2-Copyright-WARNER-BROS-300x138.jpeg 300w, https:\/\/www.alleyways.de\/abgeschminkt\/wp-content\/uploads\/Black-Adam-2-Copyright-WARNER-BROS-200x92.jpeg 200w\" sizes=\"auto, (max-width: 640px) 100vw, 640px\" \/><\/a><\/p>\n<p>&nbsp;<\/p>\n<p style=\"padding-left: 40px;\">Darsteller:<strong> Dwayne Johnson, Viola Davies, Sarah Shahi, Pierce Brosnan, Aldis Hodge, Odelya Halevi, Noah Centineo, Quintessa Swindell<\/strong> u.a.<br \/>\nRegie: <strong>Jaume Collet-Serra<\/strong><br \/>\nDrehbuch:<strong> Adam Sztykiel, Rory Haines, Sohrab Noshirvani<\/strong><br \/>\nnach <strong>Otto Binder <\/strong>&amp;<strong> C.C. Beck<\/strong><br \/>\nKamera:<strong> Lawrence Sher<\/strong><br \/>\nBildschnitt:<strong> John Lee, Michael L. Sale<\/strong><br \/>\nMusik: <strong>Lorne Balfe<\/strong><br \/>\nProduktionsdesign: <strong>Tom Meyer<\/strong><br \/>\n<strong>USA \/ 2022<\/strong><br \/>\n<strong>124<\/strong> Minuten<\/p>\n<h6>Bildrechte: <strong>WARNER BROS.<\/strong><\/h6>\n","protected":false},"excerpt":{"rendered":"<p>&#8211; Bundesstart 12.10.2022 &#8218;The Rock&#8216; sieht eine gro\u00dfartige Zukunft f\u00fcr das DC Extended Universe. Der nur noch in Freizeit catchende Dwayne Johnson meint das nicht ganz uneigenn\u00fctzig, schlie\u00dflich plant er schon selbst eine Fortsetzung zu dem Film, der gerade erst &hellip; <a href=\"https:\/\/www.alleyways.de\/abgeschminkt\/2022\/dcs-black-adam\/\">Weiterlesen <span class=\"meta-nav\">&rarr;<\/span><\/a><\/p>\n","protected":false},"author":5,"featured_media":0,"comment_status":"open","ping_status":"open","sticky":false,"template":"","format":"standard","meta":{"footnotes":""},"categories":[1,4],"tags":[282,4099,599,601,2446,906,30,562,1465],"class_list":["post-19824","post","type-post","status-publish","format-standard","hentry","category-allgemein","category-im-kino-gesehen","tag-action","tag-black-adam","tag-comic-adaption","tag-dc","tag-dceu","tag-dwayne-johnson","tag-pierce-brosnan","tag-superhelden","tag-viola-davies"],"_links":{"self":[{"href":"https:\/\/www.alleyways.de\/abgeschminkt\/wp-json\/wp\/v2\/posts\/19824","targetHints":{"allow":["GET"]}}],"collection":[{"href":"https:\/\/www.alleyways.de\/abgeschminkt\/wp-json\/wp\/v2\/posts"}],"about":[{"href":"https:\/\/www.alleyways.de\/abgeschminkt\/wp-json\/wp\/v2\/types\/post"}],"author":[{"embeddable":true,"href":"https:\/\/www.alleyways.de\/abgeschminkt\/wp-json\/wp\/v2\/users\/5"}],"replies":[{"embeddable":true,"href":"https:\/\/www.alleyways.de\/abgeschminkt\/wp-json\/wp\/v2\/comments?post=19824"}],"version-history":[{"count":6,"href":"https:\/\/www.alleyways.de\/abgeschminkt\/wp-json\/wp\/v2\/posts\/19824\/revisions"}],"predecessor-version":[{"id":19854,"href":"https:\/\/www.alleyways.de\/abgeschminkt\/wp-json\/wp\/v2\/posts\/19824\/revisions\/19854"}],"wp:attachment":[{"href":"https:\/\/www.alleyways.de\/abgeschminkt\/wp-json\/wp\/v2\/media?parent=19824"}],"wp:term":[{"taxonomy":"category","embeddable":true,"href":"https:\/\/www.alleyways.de\/abgeschminkt\/wp-json\/wp\/v2\/categories?post=19824"},{"taxonomy":"post_tag","embeddable":true,"href":"https:\/\/www.alleyways.de\/abgeschminkt\/wp-json\/wp\/v2\/tags?post=19824"}],"curies":[{"name":"wp","href":"https:\/\/api.w.org\/{rel}","templated":true}]}}