{"id":21108,"date":"2023-06-08T06:06:46","date_gmt":"2023-06-08T04:06:46","guid":{"rendered":"https:\/\/www.alleyways.de\/abgeschminkt\/?p=21108"},"modified":"2023-06-05T23:30:24","modified_gmt":"2023-06-05T21:30:24","slug":"memory-of-water","status":"publish","type":"post","link":"https:\/\/www.alleyways.de\/abgeschminkt\/2023\/memory-of-water\/","title":{"rendered":"MEMORY OF WATER"},"content":{"rendered":"<h3 style=\"text-align: right;\"><a href=\"https:\/\/www.alleyways.de\/abgeschminkt\/?attachment_id=21110\" rel=\"attachment wp-att-21110\"><img loading=\"lazy\" decoding=\"async\" class=\"alignleft wp-image-21110 \" title=\"Memory of Water - Copyright BUFO Productions\" src=\"https:\/\/www.alleyways.de\/abgeschminkt\/wp-content\/uploads\/Memory-of-Water-Copyright-BUFO-Productions.jpg\" alt=\"Memory of Water - Copyright BUFO Productions\" width=\"258\" height=\"365\" srcset=\"https:\/\/www.alleyways.de\/abgeschminkt\/wp-content\/uploads\/Memory-of-Water-Copyright-BUFO-Productions.jpg 283w, https:\/\/www.alleyways.de\/abgeschminkt\/wp-content\/uploads\/Memory-of-Water-Copyright-BUFO-Productions-212x300.jpg 212w, https:\/\/www.alleyways.de\/abgeschminkt\/wp-content\/uploads\/Memory-of-Water-Copyright-BUFO-Productions-142x200.jpg 142w\" sizes=\"auto, (max-width: 258px) 100vw, 258px\" \/><\/a><strong>VEDEN VARTIJA<\/strong><br \/>\n<strong>&#8211; Bundesstart 08.06.2023<\/strong><\/h3>\n<p style=\"text-align: justify;\"><span style=\"color: #000000;\">Irgendwo in der Skandinavischen Union. Nach einer bakteriellen Katastrophe gibt es kaum noch trinkbares Wasser. Die Milit\u00e4r-Regierung kontrolliert, reguliert und vergibt Trinkwasser als streng eingeschr\u00e4nktes Gut. Nach dem Tod ihres Vaters \u00fcbernimmt die junge Noira das Amt des Tee-Meisters in einer Siedlung au\u00dferhalb der gro\u00dfen St\u00e4dte. Wo genau, ist nicht angegeben. Und was genau die Bedeutung einer Tee-Meisterin ist, au\u00dfer zeremoniell Tee f\u00fcr unbestimmt bevorzugte G\u00e4ste zu br\u00fchen, wird auch nicht n\u00e4her erkl\u00e4rt. Auffallend ist jedenfalls der starke Einfluss japanischer Kultur in dieser vielleicht gar nicht so fernen Zukunft, doch auch darauf wird nicht gro\u00df eingegangen. Wesentlich dringlicher ist die Frage, ob es im Handbuch f\u00fcr Filmstudenten tats\u00e4chlich geschrieben steht, dass dystopische Welten ausschlie\u00dflich in ents\u00e4ttigten, kraftlosen Farben mit wenig Kontrastumfang dargestellt werden d\u00fcrfen. MEMORY OF WATER er\u00f6ffnet so viele kreative M\u00f6glichkeiten, zeigt sich aber in der Umsetzung oft sehr uninspiriert und schematisch.<\/span><\/p>\n<p style=\"text-align: justify;\"><span style=\"color: #000000;\">Die Geschichte von Emmi It\u00e4rantas 2012 erschienen Roman \u201aThe Tea Master\u2018s Book\u2019 ist bestimmt keine Neue. Gerade im unabh\u00e4ngig produzierten Kino mit wenig Budget, sind dystopische Szenearien mit zerst\u00f6rten Landschaften oder stark dezimierter Menschheit, oder in Kombination sehr beliebt. Gerade in den vergangenen Jahren gab es gibt einige sehr gute Beispiele in diesem Genre, die mit sehr wenig Geld wirklich \u00fcberzeugende Geschichten in gro\u00dfartige Filme packten. Eigentlich w\u00e4re dabei das Zauberwort Innovation. Doch im Handlungsverlauf entfernt sich Saara Saarelas Film immer wieder zu weit vom Besonderen und dem Eigenst\u00e4ndigen.<\/span><\/p>\n<p style=\"text-align: justify;\"><span style=\"color: #000000;\">Noira findet geheime Aufzeichnungen ihres Vaters, die auf sauber Wasserquellen im verbotenen Niemandsland hindeuten. Tats\u00e4chlich findet Noira die Quelle, muss aber erfahren, dass die Regierung auch schon hinter dem kostbaren Gut her ist. Denn Kontrolle \u00fcber frisches, trinkbares Wasser ist auch der Schl\u00fcssel f\u00fcr die oppressive Macht der Union. In Taro, einem Regierungsbeamten der im Dorf die Wasserverteilung regulieren soll, glaubt Noira einen Verb\u00fcndeten zu haben. Mit seiner Hilfe gelingt es Noira mit ihrer besten Freundin Sanja ins verbotene Niemandsland zu kommen, wo Noiras Vater unersch\u00f6pfliche Wasserquellen vermutete.<\/span><\/p>\n<p style=\"text-align: justify;\"><span style=\"color: #000000;\">Das Problem mit MEMORY OF WATER ist ein schwaches Drehbuch, dass auf eine einfallslose Regie trifft. Daf\u00fcr macht die Ausstattung um Otso Linnalaasko das Beste aus einem minimalistischen Budget. Kahle Landschaften, aufgelassene Industrie, per Computer erzeugte Zeppeline die den Horizont ausschm\u00fccken, staubige Stra\u00dfen, und bestenfalls Fahrr\u00e4der, weil Fahrzeuge den Ordnungsh\u00fctern vorbehalten sind. Die Szenerie \u00fcberzeugt, weil vieles auch nicht erkl\u00e4rt wird, und daher selbstverst\u00e4ndlich wirkt. Wasserdiebe werden kurzerhand in ihren Wohnungen eingekerkert, und die H\u00e4user zur Abschreckung markiert.<\/span><\/p>\n<p><a href=\"https:\/\/www.alleyways.de\/abgeschminkt\/?attachment_id=21112\" rel=\"attachment wp-att-21112\"><img loading=\"lazy\" decoding=\"async\" class=\"alignleft wp-image-21112 size-full\" title=\"Memory of Water2 - Copyright BUFO Productions\" src=\"https:\/\/www.alleyways.de\/abgeschminkt\/wp-content\/uploads\/Memory-of-Water2-Copyright-BUFO-Productions.jpg\" alt=\"Memory of Water2 - Copyright BUFO Productions\" width=\"640\" height=\"360\" srcset=\"https:\/\/www.alleyways.de\/abgeschminkt\/wp-content\/uploads\/Memory-of-Water2-Copyright-BUFO-Productions.jpg 640w, https:\/\/www.alleyways.de\/abgeschminkt\/wp-content\/uploads\/Memory-of-Water2-Copyright-BUFO-Productions-300x169.jpg 300w, https:\/\/www.alleyways.de\/abgeschminkt\/wp-content\/uploads\/Memory-of-Water2-Copyright-BUFO-Productions-200x113.jpg 200w\" sizes=\"auto, (max-width: 640px) 100vw, 640px\" \/><\/a><\/p>\n<p>&nbsp;<\/p>\n<p style=\"text-align: justify;\"><span style=\"color: #000000;\">Soweit kann sich der Zuschauer ein wenig gefordert f\u00fchlen. Leider nur kurz, weil sich das Potential dieser Welt sehr schnell ersch\u00f6pft. Die umgehende Bestrafung von unrechtm\u00e4\u00dfiger Wasserentnahme ist ein vorgeschobenes Argument, wie besorgt sich die Union um die Bev\u00f6lkerung k\u00fcmmert, und den Ehrlichen zu ihren Recht verhilft. In Wahrheit w\u00fcrde frei verf\u00fcgbares Wasser eine Revolution ausl\u00f6sen. Soweit hat weder das Buch von Emmi It\u00e4ranta, noch die Regie von Saara Saarela, dieser Blaupausen-Dystopie nichts Neues hinzu zu f\u00fcgen. Ganz im Gegenteil. Viel zu schnell vermutet man zu Recht den Verlauf der Handlung und die wahren Beweggr\u00fcnde diverser Figuren.<\/span><\/p>\n<p style=\"text-align: justify;\"><span style=\"color: #000000;\">Da ist zum Beispiel Sanja, die ihre Zeit damit verbringt, aus Abfall wieder n\u00fctzliche Sachen zu basteln. Das ist nur insoweit interessant, als das sie einen CD-Player findet mit dem sie nichts anzufangen wei\u00df. Und das just in dem Moment, als Noira in den Unterlagen ihres Vaters eine undefinierbare, silberne Scheibe findet. Dies ist einer von den vielen Handlungspunkten, die mehr an ein Krimi-Abenteuer f\u00fcr Kinder erinnern, wo zuf\u00e4llige Zuf\u00e4lle eine plausible Erz\u00e4hlstruktur einfach \u00fcberfl\u00fcssig machen. Und bei allem Respekt vor seinem m\u00f6glichen Talenten, kann die Rolle von Lauri Tlkanan als gut aussehender Taro nicht vorhersehbarer sein.<\/span><\/p>\n<p style=\"text-align: justify;\"><span style=\"color: #000000;\">Sicherlich mag das Anliegen des Roman wichtig und auch aktuell sein, und dahingehend entstand sicherlich die Motivation f\u00fcr Saara Saarelas Adaption. Doch auf welche Misere wir als Gesellschaft im falschen Umgang mit der Umwelt zusteuern k\u00f6nnen, hat man bei anderen Filmen in interessanterer Form schon wesentlich eindringlicher gesehen. Und da hilft es wenig (Spoiler), den mit frischem Wasser gef\u00fcllten See als einziges Element in besonders kr\u00e4ftige und leuchtende Farben zu zeigen. Bei diesem Film, in dem ausgerechnet die wenigen Spannungs- und Action-Momente so inszeniert sind, dass das geringe Budget besonders hervorgehoben wird, k\u00f6nnen lediglich Saga Sarkola und Mimosa Willamo in ihren Szenen darstellerisch gl\u00e4nzen. Wenngleich gerade die relevanten Dialoge ziemlich altbacken geschrieben sind. Da sind die japanischen Elemente in dieser Welt noch am interessantesten, worauf aber nicht eingegangen wird. Wie in einem guten Film, der versteht auch elegant subtil und zur\u00fcckhaltend zu erz\u00e4hlen.<\/span><\/p>\n<p><a href=\"https:\/\/www.alleyways.de\/abgeschminkt\/?attachment_id=21111\" rel=\"attachment wp-att-21111\"><img loading=\"lazy\" decoding=\"async\" class=\"alignleft wp-image-21111 size-full\" title=\"Memory of Water1 - Copyright BUFO Productions\" src=\"https:\/\/www.alleyways.de\/abgeschminkt\/wp-content\/uploads\/Memory-of-Water1-Copyright-BUFO-Productions.jpg\" alt=\"Memory of Water1 - Copyright BUFO Productions\" width=\"640\" height=\"360\" srcset=\"https:\/\/www.alleyways.de\/abgeschminkt\/wp-content\/uploads\/Memory-of-Water1-Copyright-BUFO-Productions.jpg 640w, https:\/\/www.alleyways.de\/abgeschminkt\/wp-content\/uploads\/Memory-of-Water1-Copyright-BUFO-Productions-300x169.jpg 300w, https:\/\/www.alleyways.de\/abgeschminkt\/wp-content\/uploads\/Memory-of-Water1-Copyright-BUFO-Productions-200x113.jpg 200w\" sizes=\"auto, (max-width: 640px) 100vw, 640px\" \/><\/a><\/p>\n<p>&nbsp;<\/p>\n<p style=\"padding-left: 40px;\">Darsteller: <strong>Saga Sarkola, Mimosa Willamo, Lauri Tilkanen, Pekka Strang, Minna Haapkyl\u00e4, Kheba Touray<\/strong> u.a.<br \/>\nRegie: <strong>Saara Saarela<\/strong><br \/>\nDrehbuch: <strong>Ilja Rautsi<\/strong><br \/>\nnach dem Buch von <strong>Emmi It\u00e4ranta<\/strong><br \/>\nKamera: <strong>Kjell Lagerroos<\/strong><br \/>\nBildschnitt: <strong>Jussi Rautaniemi<\/strong><br \/>\nMusik: <strong>Volker Bertelmann<\/strong><br \/>\nProduktionsdesign: <strong>Otso Linnalaasko<\/strong><br \/>\n<strong>Finnland, Norwegen, Estland, Deutschland \/ 2022<\/strong><br \/>\n<strong>101<\/strong> Minuten<\/p>\n<h6>Bildrechte: <strong>BUFO Productions<\/strong><\/h6>\n","protected":false},"excerpt":{"rendered":"<p>VEDEN VARTIJA &#8211; Bundesstart 08.06.2023 Irgendwo in der Skandinavischen Union. Nach einer bakteriellen Katastrophe gibt es kaum noch trinkbares Wasser. Die Milit\u00e4r-Regierung kontrolliert, reguliert und vergibt Trinkwasser als streng eingeschr\u00e4nktes Gut. Nach dem Tod ihres Vaters \u00fcbernimmt die junge Noira &hellip; <a href=\"https:\/\/www.alleyways.de\/abgeschminkt\/2023\/memory-of-water\/\">Weiterlesen <span class=\"meta-nav\">&rarr;<\/span><\/a><\/p>\n","protected":false},"author":5,"featured_media":0,"comment_status":"open","ping_status":"open","sticky":false,"template":"","format":"standard","meta":{"footnotes":""},"categories":[1,4],"tags":[528,4358,4356,2097,118,2575,4357],"class_list":["post-21108","post","type-post","status-publish","format-standard","hentry","category-allgemein","category-im-kino-gesehen","tag-dystopie","tag-finnalnd","tag-memory-of-water","tag-norwegen","tag-science-fiction","tag-skandinavien","tag-veden-vartija"],"_links":{"self":[{"href":"https:\/\/www.alleyways.de\/abgeschminkt\/wp-json\/wp\/v2\/posts\/21108","targetHints":{"allow":["GET"]}}],"collection":[{"href":"https:\/\/www.alleyways.de\/abgeschminkt\/wp-json\/wp\/v2\/posts"}],"about":[{"href":"https:\/\/www.alleyways.de\/abgeschminkt\/wp-json\/wp\/v2\/types\/post"}],"author":[{"embeddable":true,"href":"https:\/\/www.alleyways.de\/abgeschminkt\/wp-json\/wp\/v2\/users\/5"}],"replies":[{"embeddable":true,"href":"https:\/\/www.alleyways.de\/abgeschminkt\/wp-json\/wp\/v2\/comments?post=21108"}],"version-history":[{"count":7,"href":"https:\/\/www.alleyways.de\/abgeschminkt\/wp-json\/wp\/v2\/posts\/21108\/revisions"}],"predecessor-version":[{"id":21144,"href":"https:\/\/www.alleyways.de\/abgeschminkt\/wp-json\/wp\/v2\/posts\/21108\/revisions\/21144"}],"wp:attachment":[{"href":"https:\/\/www.alleyways.de\/abgeschminkt\/wp-json\/wp\/v2\/media?parent=21108"}],"wp:term":[{"taxonomy":"category","embeddable":true,"href":"https:\/\/www.alleyways.de\/abgeschminkt\/wp-json\/wp\/v2\/categories?post=21108"},{"taxonomy":"post_tag","embeddable":true,"href":"https:\/\/www.alleyways.de\/abgeschminkt\/wp-json\/wp\/v2\/tags?post=21108"}],"curies":[{"name":"wp","href":"https:\/\/api.w.org\/{rel}","templated":true}]}}