{"id":22541,"date":"2023-12-18T06:06:53","date_gmt":"2023-12-18T05:06:53","guid":{"rendered":"https:\/\/www.alleyways.de\/abgeschminkt\/?p=22541"},"modified":"2023-12-14T21:26:02","modified_gmt":"2023-12-14T20:26:02","slug":"children-of-the-corn-kinder-des-zorns","status":"publish","type":"post","link":"https:\/\/www.alleyways.de\/abgeschminkt\/2023\/children-of-the-corn-kinder-des-zorns\/","title":{"rendered":"&#8212; CHILDREN OF THE CORN &#8212; Kinder des Zorns"},"content":{"rendered":"<h3 style=\"text-align: right;\"><a href=\"https:\/\/www.alleyways.de\/abgeschminkt\/children-corn-1-copyright-plaion-pictures\/\"><img loading=\"lazy\" decoding=\"async\" class=\"alignleft wp-image-22534 \" title=\"Children Corn 1 - Copyright PLAION \" src=\"https:\/\/www.alleyways.de\/abgeschminkt\/wp-content\/uploads\/Children-Corn-1-Copyright-PLAION-PICTURES.jpg\" alt=\"Children Corn 1 - Copyright PLAION PICTURES\" width=\"258\" height=\"364\" srcset=\"https:\/\/www.alleyways.de\/abgeschminkt\/wp-content\/uploads\/Children-Corn-1-Copyright-PLAION-PICTURES.jpg 354w, https:\/\/www.alleyways.de\/abgeschminkt\/wp-content\/uploads\/Children-Corn-1-Copyright-PLAION-PICTURES-212x300.jpg 212w, https:\/\/www.alleyways.de\/abgeschminkt\/wp-content\/uploads\/Children-Corn-1-Copyright-PLAION-PICTURES-142x200.jpg 142w\" sizes=\"auto, (max-width: 258px) 100vw, 258px\" \/><\/a><strong>&#8211; Bundesstart 14.12.2023<\/strong><br \/>\n&#8211; Release 03.03.2023 (US)<\/h3>\n<p style=\"text-align: justify;\"><span style=\"color: #000000;\">Wer die sehr eindringliche und furchteinfl\u00f6\u00dfende Darbietung von Kate Moyer sieht, der f\u00fchlt sich als gruselbereiter Horrorfan erst einmal richtig gut aufgehoben. Als ergebene J\u00fcngerin von &#8218;Dem, der wandelt&#8216;, kann die zw\u00f6lfj\u00e4hrige Kanadierin wahrhaftig G\u00e4nsehaut erzeugen. \u00dcberhaupt ist das haupts\u00e4chlich aus minderj\u00e4hrigen Darstellern bestehende Ensemble grandios besetzt. Sogar das alte Urgestein Bruce Spence, sonst in den hinteren Reihend der Nebenrollen, darf hier als Kleinstadt-Priester einmal mit Feingef\u00fchl \u00fcberzeugen. Es ist mittlerweile die zw\u00f6lfte Produktion mit diesem Titel nach einer Kurzgeschichte von Stephen King, selbstverst\u00e4ndlich der Kurzfilm mitgerechnet, der noch vor dem ersten, 1984 entstandenen Spielfilm gedreht wurde. Den Namen des ber\u00fchmtesten Horror-Autoren der Welt findet man allerdings weder in den Filmtiteln, noch auf den englischsprachigen Werbematerialien. Nur der Plaion-Verleih in Deutschland muss auf unw\u00fcrdige Weise und in schamloser Absicht Kings Namen in den Schmutz ziehen.<\/span><\/p>\n<p><!--more--><\/p>\n<p style=\"text-align: justify;\"><span style=\"color: #000000;\">Stephen King ist ja leider im reiferen Alter lange nicht mehr sehr w\u00e4hlerisch, was Lobpreisungen von Verfilmungen nach seinen Vorlagen angeht. Bei der aktuellen Adaption von KINDER DES ZORNS, die bereits 2020 gedreht wurde, k\u00f6nnte der Vater von FRIEDHOF DER KUSCHELTIER, DIE VERURTEILTEN oder THE GREEN MILE ausnahmsweise sehr gl\u00fccklich sein, keine Erw\u00e4hnung zu erhalten. Nach vierzehn Jahren Regie-Abstinenz muss Kurt Wimmer den irrigen Drang versp\u00fcrt haben, irgendetwas beweisen zu m\u00fcssen. Die Kunst zu inszenieren oder schreiben war es jedenfalls nicht.<\/span><\/p>\n<p style=\"text-align: justify;\"><span style=\"color: #000000;\">Es gibt Ver\u00e4nderungen zu Stephen Kings Vorlage, und auch den zahlreichen anderen Adaptionen. Die k\u00f6nnten, wie das Ende des Films zeigt, mit einer angedachten Fortsetzung zu tun haben, oder tats\u00e4chlich mit Wimmers Ego, etwas Eigenst\u00e4ndiges zu schaffen. Ein anderer Filmtitel w\u00e4re daf\u00fcr allerdings angebrachter gewesen. Wir sind in Rylstone, Nebraska, wo es f\u00fcr die Bauern lukrativer sein kann, ihren Mais unterzupfl\u00fcgen und daf\u00fcr \u00fcber ein staatliches Programm Geld zu erhalten, als mit dem seit Jahren miesen Ertrag bankrott zu gehen. Aber etwas im Mais gef\u00e4llt das ganz und gar nicht.<\/span><\/p>\n<p style=\"text-align: justify;\"><span style=\"color: #000000;\">Die Kinder von Rylstone stellen sich gegen die Pl\u00e4ne ihrer V\u00e4ter, die Felder zu zerst\u00f6ren. Daf\u00fcr sorgt &#8218;Der, der wandelt&#8216;, eine Entit\u00e4t aus den Maisfelder, die nach und nach die Kinder zu seinem Gefolge macht. Mit schrecklichem Ausgang f\u00fcr all die Erwachsenen im Kaff. Kurt Wimmer hat das hier und da noch mit kurzen Nebenstr\u00e4ngen aufgef\u00fcllt. Aber grunds\u00e4tzlich ist da nicht mehr Fleisch in der Handlung. Das kann bei einer gut konstruierten und inspirierten Schauerm\u00e4r allerdings vollkommen ausreichend sein. Bei KINDER DES ZORNS ist es das nicht. Der Film ist weder das eine noch das andere.<\/span><\/p>\n<p><a href=\"https:\/\/www.alleyways.de\/abgeschminkt\/children-corn-3-copyright-plaion-pictures\/\"><img loading=\"lazy\" decoding=\"async\" class=\"alignleft wp-image-22536 size-full\" title=\"Children Corn 3 - Copyright PLAION \" src=\"https:\/\/www.alleyways.de\/abgeschminkt\/wp-content\/uploads\/Children-Corn-3-Copyright-PLAION-PICTURES.jpg\" alt=\"Children Corn 3 - Copyright PLAION PICTURES\" width=\"640\" height=\"427\" srcset=\"https:\/\/www.alleyways.de\/abgeschminkt\/wp-content\/uploads\/Children-Corn-3-Copyright-PLAION-PICTURES.jpg 640w, https:\/\/www.alleyways.de\/abgeschminkt\/wp-content\/uploads\/Children-Corn-3-Copyright-PLAION-PICTURES-300x200.jpg 300w, https:\/\/www.alleyways.de\/abgeschminkt\/wp-content\/uploads\/Children-Corn-3-Copyright-PLAION-PICTURES-200x133.jpg 200w\" sizes=\"auto, (max-width: 640px) 100vw, 640px\" \/><\/a><\/p>\n<p style=\"text-align: justify;\"><span style=\"color: #000000;\">Die Optik von Kameramann Andrew Rolands orientiert sich stark an dem visuellen Schema, das mit Marcus Nispels TEXAS CHAINSAW-Remake beliebt wurde. Starke Kontraste, ents\u00e4ttigtes Chroma, und ausgereizte Weitwinkel-Einstellungen. Das ist sicherlich atmosph\u00e4risch, es macht aber die Landschaft, und insbesondere die Maisfelder wenig einladend. Die Farbstimmung widerspricht der Wahrnehmung der Kinder in ihrem Verh\u00e4ltnis zu &#8218;Dem, der wandelt&#8216;. Obwohl die Geschichte aus der Sicht der jungen Protagonisten erz\u00e4hlt wird, und die Erwachsenen als Antagonisten stilisiert werden.<\/span><\/p>\n<p style=\"text-align: justify;\"><span style=\"color: #000000;\">Wimmer kann durchaus Atmosph\u00e4re erzeugen, sie findet nur keine \u00dcbereinstimmung mit dem, was der Film eigentlich vermitteln sollte. Und genau das betrifft die gesamte Konzeption des Films. Jede Spannung kommt ihm abhanden, weil der Macher keine klare Ausrichtung findet. Es gilt eindeutig Stil \u00fcber Substanz. Deswegen packt Wimmer so viel in die Handlung wie m\u00f6glich, ohne irgend etwas zu einem der angeschnittenen Themen wirklich etwas zu sagen. Vornehmlich sind das Religion und Umwelt. Und auch Amokl\u00e4ufe an Schulen. Leider, denn Wimmer hat nichts dazu zu sagen hat.<\/span><\/p>\n<p style=\"text-align: justify;\"><span style=\"color: #000000;\">Vieles was in CHILDREN OF THE CORN geschieht, ergibt keinen Sinn, weil die Form fehlt. Der Horrorfaktor ist uninspiriert, die Spannungskurve bleibt flach. Grunds\u00e4tzlich wei\u00df der Film nicht, was er sein will &#8211; Monstershow oder Psychothriller. Und keine dieser Richtungen w\u00fcrde funktionieren. Die Massenpsychose f\u00fcr den dubiosen Kult erkl\u00e4rt sich nur durch die physische Anwesenheit eines Anf\u00fchrers, und genau hier wird der Film unrettbar l\u00e4cherlich. Wimmer zeigt dem Publikum tats\u00e4chlich &#8218;Den, der wandelt&#8216; in Form eines unspektakul\u00e4ren CGI-Unget\u00fcms, kindlich gestaltet aus Maisstauden.<\/span><\/p>\n<p style=\"text-align: justify;\"><span style=\"color: #000000;\">Doch schon viel fr\u00fcher hat sich der Film ins Aus der innerhalb der eigenen Welt geltenden Glaubw\u00fcrdigkeiten gekegelt, wenn die Kinder in der Gemeindeversammlung ernsthaft mitdiskutieren ob der Mais untergepfl\u00fcgt werden soll. Selbst in einer abstrakten Horrorwelt ist in einem Umfeld von Farmfamilien diese Situation grotesk unsinnig. In CHILDREN OF THE CORN sind es nicht die kleinen Dinge \u00fcber die der Film stolpert, sondern die gro\u00dfen Unzul\u00e4nglichkeiten an denen er einfach aufprallt. Das haben die Talente der tadellosen Darsteller einfach nicht verdient. Und das Mysterium um &#8218;Den, der hinter den Reihen wandelt&#8216; auch nicht. Und am wenigsten Stephen King selbst.<\/span><\/p>\n<p><a href=\"https:\/\/www.alleyways.de\/abgeschminkt\/children-corn-2-copyright-plaion-pictures\/\"><img loading=\"lazy\" decoding=\"async\" class=\"alignleft wp-image-22535 size-full\" title=\"Children Corn 2 - Copyright PLAION \" src=\"https:\/\/www.alleyways.de\/abgeschminkt\/wp-content\/uploads\/Children-Corn-2-Copyright-PLAION-PICTURES.jpg\" alt=\"Children Corn 2 - Copyright PLAION PICTURES\" width=\"640\" height=\"427\" srcset=\"https:\/\/www.alleyways.de\/abgeschminkt\/wp-content\/uploads\/Children-Corn-2-Copyright-PLAION-PICTURES.jpg 640w, https:\/\/www.alleyways.de\/abgeschminkt\/wp-content\/uploads\/Children-Corn-2-Copyright-PLAION-PICTURES-300x200.jpg 300w, https:\/\/www.alleyways.de\/abgeschminkt\/wp-content\/uploads\/Children-Corn-2-Copyright-PLAION-PICTURES-200x133.jpg 200w\" sizes=\"auto, (max-width: 640px) 100vw, 640px\" \/><\/a><\/p>\n<p>&nbsp;<\/p>\n<blockquote><p><em>Darsteller: <strong>Kate Moyer, Elena Kampouris, Callan Mulvey, Bruce Spence, Erika Heynatz, Anna Samson <\/strong>u.a.<\/em><br \/>\n<em>Regie &amp; Drehbuch:<strong> Kurt Wimmer<\/strong><\/em><br \/>\n<em>Kamera:<strong> Andrew Rowlands<\/strong><\/em><br \/>\n<em>Bildschnitt: <strong>Merlin Eden, Banner Gwin, Tom Harrison-Read<\/strong><\/em><br \/>\n<em>Musik: <strong>Tim Count, Jacob Shea<\/strong><\/em><br \/>\n<em>Produktionsdesign: <strong>Pete Baxter<\/strong><\/em><br \/>\n<strong><em>USA \/ 2020<\/em><\/strong><br \/>\n<em><strong>93<\/strong> Minuten<\/em><\/p><\/blockquote>\n<h6>Bildrechte: <strong>PLAION PICTURES<\/strong><\/h6>\n","protected":false},"excerpt":{"rendered":"<p>&#8211; Bundesstart 14.12.2023 &#8211; Release 03.03.2023 (US) Wer die sehr eindringliche und furchteinfl\u00f6\u00dfende Darbietung von Kate Moyer sieht, der f\u00fchlt sich als gruselbereiter Horrorfan erst einmal richtig gut aufgehoben. Als ergebene J\u00fcngerin von &#8218;Dem, der wandelt&#8216;, kann die zw\u00f6lfj\u00e4hrige Kanadierin &hellip; <a href=\"https:\/\/www.alleyways.de\/abgeschminkt\/2023\/children-of-the-corn-kinder-des-zorns\/\">Weiterlesen <span class=\"meta-nav\">&rarr;<\/span><\/a><\/p>\n","protected":false},"author":4,"featured_media":0,"comment_status":"open","ping_status":"open","sticky":false,"template":"","format":"standard","meta":{"footnotes":""},"categories":[1,4],"tags":[4570,148,4572,4571,362,58,101],"class_list":["post-22541","post","type-post","status-publish","format-standard","hentry","category-allgemein","category-im-kino-gesehen","tag-children-of-the-corn","tag-horror","tag-kinder-des-zorns","tag-kurt-wimmer","tag-remake","tag-sequel","tag-stephen-king"],"_links":{"self":[{"href":"https:\/\/www.alleyways.de\/abgeschminkt\/wp-json\/wp\/v2\/posts\/22541","targetHints":{"allow":["GET"]}}],"collection":[{"href":"https:\/\/www.alleyways.de\/abgeschminkt\/wp-json\/wp\/v2\/posts"}],"about":[{"href":"https:\/\/www.alleyways.de\/abgeschminkt\/wp-json\/wp\/v2\/types\/post"}],"author":[{"embeddable":true,"href":"https:\/\/www.alleyways.de\/abgeschminkt\/wp-json\/wp\/v2\/users\/4"}],"replies":[{"embeddable":true,"href":"https:\/\/www.alleyways.de\/abgeschminkt\/wp-json\/wp\/v2\/comments?post=22541"}],"version-history":[{"count":14,"href":"https:\/\/www.alleyways.de\/abgeschminkt\/wp-json\/wp\/v2\/posts\/22541\/revisions"}],"predecessor-version":[{"id":22555,"href":"https:\/\/www.alleyways.de\/abgeschminkt\/wp-json\/wp\/v2\/posts\/22541\/revisions\/22555"}],"wp:attachment":[{"href":"https:\/\/www.alleyways.de\/abgeschminkt\/wp-json\/wp\/v2\/media?parent=22541"}],"wp:term":[{"taxonomy":"category","embeddable":true,"href":"https:\/\/www.alleyways.de\/abgeschminkt\/wp-json\/wp\/v2\/categories?post=22541"},{"taxonomy":"post_tag","embeddable":true,"href":"https:\/\/www.alleyways.de\/abgeschminkt\/wp-json\/wp\/v2\/tags?post=22541"}],"curies":[{"name":"wp","href":"https:\/\/api.w.org\/{rel}","templated":true}]}}