{"id":23483,"date":"2024-04-01T06:06:34","date_gmt":"2024-04-01T04:06:34","guid":{"rendered":"https:\/\/www.alleyways.de\/abgeschminkt\/?p=23483"},"modified":"2024-03-30T18:17:08","modified_gmt":"2024-03-30T17:17:08","slug":"radical-eine-klasse-fuer-sich","status":"publish","type":"post","link":"https:\/\/www.alleyways.de\/abgeschminkt\/2024\/radical-eine-klasse-fuer-sich\/","title":{"rendered":"RADICAL: Eine Klasse f\u00fcr sich"},"content":{"rendered":"<h3 style=\"text-align: right;\"><a href=\"https:\/\/www.alleyways.de\/abgeschminkt\/?attachment_id=23485\" rel=\"attachment wp-att-23485\"><img loading=\"lazy\" decoding=\"async\" class=\"alignleft wp-image-23485 \" title=\"Radical - Copyright 24 BILDER\" src=\"https:\/\/www.alleyways.de\/abgeschminkt\/wp-content\/uploads\/Radical-Copyright-24-BILDER.jpg\" alt=\"Radical - Copyright 24 BILDER\" width=\"258\" height=\"365\" srcset=\"https:\/\/www.alleyways.de\/abgeschminkt\/wp-content\/uploads\/Radical-Copyright-24-BILDER.jpg 329w, https:\/\/www.alleyways.de\/abgeschminkt\/wp-content\/uploads\/Radical-Copyright-24-BILDER-212x300.jpg 212w, https:\/\/www.alleyways.de\/abgeschminkt\/wp-content\/uploads\/Radical-Copyright-24-BILDER-142x200.jpg 142w\" sizes=\"auto, (max-width: 258px) 100vw, 258px\" \/><\/a><strong>RADICAL<\/strong><br \/>\n<strong>&#8211; Bundesstart 21.03.2024<\/strong><br \/>\n&#8211; Release 20.10.2023 (MEX)<\/h3>\n<p style=\"text-align: justify;\"><span style=\"color: #000000;\">Im Jahr 2011 kommt Sergio Ju\u00e1rez Correa in die Jos\u00e9 Urbina L\u00f3pez Grundschule von Matamoros. Ein ausgebrannter Aushilfslehrer, der mit neuen Lehrmethoden versucht vor allem den Kindern, aber auch sich selbst neue Perspektiven zu geben. Matamoros ist eine mexikanische Grenzstadt zu den Vereinigten Staaten, gezeichnet von Armut und der Gewalt durch Bandenkriminalit\u00e4t. Die Schule hat den schlechtesten Notendurchschnitt des Landes. Mit dem strikten Schulmotto von Ruhe, Disziplin und Gehorsam wollen die Lehrer einfach nur den Tag \u00fcberstehen. Die meisten Sch\u00fcler brechen ohnehin vorher ab, um die Familie zu unterst\u00fctzen, oder sich einem Drogen-Clan anzuschlie\u00dfen. Sergio will das System herausfordern. Mit der Methodik des freien und eigenst\u00e4ndigen Lernens, m\u00f6chte er bei seiner Klasse das Desinteresse an Wissen niederrei\u00dfen. Und das mit all den zu erwartenden Widerst\u00e4nden.<\/span><\/p>\n<p><!--more--><\/p>\n<p style=\"text-align: justify;\"><span style=\"color: #000000;\">Aus dramaturgischer Notwendigkeit verlieren viele Verfilmungen an faktischer Genauigkeit. Bei Radical \u00fcberkommt einen das Gef\u00fchl, dass die Adaption nicht n\u00e4her an der Vorlage sein k\u00f6nnte. Das geht sogar bis zum Cowboy-Hut des Vaters von Paloma, die weibliche Hauptrolle. Regisseur Christopher Zalla hat zusammen mit Laura Guadelupe A das Drehbuch geschrieben, dass auf dem Artikel &#8222;A Radical Way of Unleashing a Generation of Geniuses&#8220; von Joshua Davis beruht, der 2013 im Magazin &#8218;Wired&#8216; erschien. In erster Linie beleuchtet der Artikel alternative Lehrmethoden, als Beispiel fand Davis die 12-j\u00e4hrige Paloma Noyola Bueno und ihren Lehrer Sergio Ju\u00e1rez Correa.<\/span><\/p>\n<p style=\"text-align: justify;\"><span style=\"color: #000000;\">Sergio beginnt seinen ersten Tag damit, dass er St\u00fchle und B\u00e4nke als Rettungsboote deklariert, und die Sch\u00fcler sich zu gleichen Teilen auf die Boote verteilen m\u00fcssen. Sein Experiment misslingt, weil die Kinder selbstst\u00e4ndiges Denken und Handeln nicht gewohnt sind. Schlie\u00dflich ermutigt Sergio die Kinder voller Leidenschaft, ihn nur dumme Fragen zu stellen. Die Verwirrung wechselt bald in Neugierde. Die &#8218;dummen&#8216; Fragen werden in praktischen Experimenten im Schulhof beantwortet. Die anderen Lehrer halten am Lehrplan fest, und reagieren feindselig. Rektor Chucho ist sehr skeptisch, l\u00e4sst Sergio aber zuerst einmal gew\u00e4hren. Denn eigentlich haben die Sch\u00fcler nichts zu verlieren.<\/span><\/p>\n<p style=\"text-align: justify;\"><span style=\"color: #000000;\">Nach einer sehr \u00fcbersichtlichen Regie-Karriere f\u00fcrs Fernsehen, hat Christopher Zalla mit RADICAL sein Leinwand-Debut realisiert. Er tut das mit einem Stoff, der es dem Regisseur eigentlich sehr leicht macht. Wahre Begebenheiten die von Menschlichkeit, dem Willen gegen widrige Umst\u00e4nde, und dem erfolgreichen Kampf gegen Ungerechtigkeit gepr\u00e4gt sind. &#8218;Oscar-K\u00f6der&#8216; nennt man solche Geschichten. Daf\u00fcr hat es allerdings bei Zallas Adaption nicht gereicht. Dennoch ist RADICAL ein mit sp\u00fcrbarer Hingabe und echtem Herzblut durchdrungener Film, wobei Zalla seinen positiven Enthusiasmus in der F\u00fchrung der Darsteller und inszenieren von Szenen immer wieder \u00fcberspannt.<\/span><\/p>\n<p><a href=\"https:\/\/www.alleyways.de\/abgeschminkt\/?attachment_id=23486\" rel=\"attachment wp-att-23486\"><img loading=\"lazy\" decoding=\"async\" class=\"alignleft wp-image-23486 size-full\" title=\"Radical 1 - Copyright 24 BILDER\" src=\"https:\/\/www.alleyways.de\/abgeschminkt\/wp-content\/uploads\/Radical-1-Copyright-24-BILDER.jpg\" alt=\"Radical 1 - Copyright 24 BILDER\" width=\"640\" height=\"427\" srcset=\"https:\/\/www.alleyways.de\/abgeschminkt\/wp-content\/uploads\/Radical-1-Copyright-24-BILDER.jpg 640w, https:\/\/www.alleyways.de\/abgeschminkt\/wp-content\/uploads\/Radical-1-Copyright-24-BILDER-300x200.jpg 300w, https:\/\/www.alleyways.de\/abgeschminkt\/wp-content\/uploads\/Radical-1-Copyright-24-BILDER-200x133.jpg 200w\" sizes=\"auto, (max-width: 640px) 100vw, 640px\" \/><\/a><\/p>\n<p style=\"text-align: justify;\"><span style=\"color: #000000;\">Die grausame Realit\u00e4t in Matamoros, und die entfachte, bis dato unbekannte Leidenschaft der Kinder gestaltet sich sehr eindringlich durch die steten Stimmungswechsel zwischen beiden Welten. Die kindliche Euphorie des Lehrers mit seinen begeisterten Sch\u00fclern wird immer wieder von Szenen schonungsloser Gewalt unterbrochen. F\u00fcr die Figuren im Film sind das allt\u00e4gliche, wahrgenommene Bilder und Situationen. F\u00fcr das Publikum bitteres Zeugnis, wie notwendig, aber auch \u00fcberaus schwierig es ist, diese Kinder f\u00fcr etwas zu begeistern, dass weit au\u00dferhalb ihrer Lebenserfahrungen liegt. Bildung, Selbstst\u00e4ndigkeit, und die M\u00f6glichkeit aus einem zerst\u00f6rerischen Kreislauf auszubrechen.<\/span><\/p>\n<p style=\"text-align: justify;\"><span style=\"color: #000000;\">Was man von au\u00dfen sieht und f\u00fchlt, steht in manchen Szenen\u00a0 im viel zu starken Kontrast zu Sergios aufdringlicher Euphorie. Eugenio Derbez spielt mit Energie und sichtlicher Freude, aber er \u00fcberzeugt nicht in den Nuancen. In seinem forschen Tatendrang m\u00fcssten sich eigentlich die Trag\u00f6dien hinter dieser Gesellschaft und dem Bildungssystem widerspiegeln. Aber es fehlt auch Zalla das Verm\u00f6gen, angemessen die Intensit\u00e4t in den Gegens\u00e4tzen des Systems und Sergios Absichten zu demonstrieren. Seine Inszenierung ist eher darauf bedacht Sergios unorthodoxe Lehrmethoden m\u00f6glichst unterhaltsam zu gestalten. Die schonungslose Dramatik in anderen Sequenzen wird vernachl\u00e4ssigt.<\/span><\/p>\n<p style=\"text-align: justify;\"><span style=\"color: #000000;\">Nat\u00fcrlich kann RADICAL nicht verleugnen unverkennbare Vorbilder wie Peter Weirs DEAD POETS SOCIETY zu haben. Auch wenn Christopher Zallas Film nie die inszenatorische Kraft von Weirs Beitrag erreicht, hat RADICAL den grotesken Bonus einer wahren Geschichte. Und die muss erz\u00e4hlt werden. Joshua Davis Artikel f\u00fcr &#8218;Wired&#8216; dreht sich in erster Linie um Paloma, die durch Sergio Ju\u00e1rez Correas inspirierende Lehrmethoden Notenbeste in ganz Mexiko wurde. Ihren Traum als Raumfahrttechnikern h\u00e4tte sie verwirklichen k\u00f6nnen, entschloss sich aber f\u00fcr ein Lehramt. Alleine Jennifer Trejos eindrucksvolle Darstellung der Paloma macht den Film bemerkenswert.<\/span><\/p>\n<p style=\"text-align: justify;\"><span style=\"color: #000000;\">Wesentlich st\u00e4rker muss sich Zalla mit Ram\u00f3n Men\u00e9ndez&#8216; STAND AND DELIVER messen lassen, in dem Jaime Escalante in Gestalt von James Edward Olmos seinen unterprivilegierten Kindern mexikanischer Auswanderer einen Schulabschluss erm\u00f6glicht. Vergleiche sind selten angebracht. Allerdings f\u00e4llt hier auf, dass Christopher Zalla in seinem mit sp\u00fcrbarer Hingabe und echtem Herzblut inszenierten Werk schlichtweg homogene Strukturen fehlen. RADICAL bleibt dennoch ein wichtiger, sehenswerter und vielleicht sogar inspirierender Film, aber hinter seinen M\u00f6glichkeiten.<\/span><\/p>\n<p><a href=\"https:\/\/www.alleyways.de\/abgeschminkt\/?attachment_id=23487\" rel=\"attachment wp-att-23487\"><img loading=\"lazy\" decoding=\"async\" class=\"alignleft wp-image-23487 size-full\" title=\"Radical 2 - Copyright 24 BILDER\" src=\"https:\/\/www.alleyways.de\/abgeschminkt\/wp-content\/uploads\/Radical-2-Copyright-24-BILDER.jpg\" alt=\"Radical 2 - Copyright 24 BILDER\" width=\"640\" height=\"427\" srcset=\"https:\/\/www.alleyways.de\/abgeschminkt\/wp-content\/uploads\/Radical-2-Copyright-24-BILDER.jpg 640w, https:\/\/www.alleyways.de\/abgeschminkt\/wp-content\/uploads\/Radical-2-Copyright-24-BILDER-300x200.jpg 300w, https:\/\/www.alleyways.de\/abgeschminkt\/wp-content\/uploads\/Radical-2-Copyright-24-BILDER-200x133.jpg 200w\" sizes=\"auto, (max-width: 640px) 100vw, 640px\" \/><\/a><\/p>\n<p>&nbsp;<\/p>\n<blockquote><p><em>Darsteller: <strong>Eugenio Derbez, Daniel Haddad, Jennifer Trejo, Mia Fernanda Solis, Danilo Guardiola, Victor Estrada, Gilberto Barraza<\/strong> u.a.<\/em><br \/>\n<em>Regie &amp; Drehbuch: <strong>Christopher Zalla<\/strong><\/em><br \/>\n<em>Co-Autorin: <strong>Laura Guadalupe A<\/strong><\/em><br \/>\n<em>nach dem &#8218;Wired&#8216;-Artikel von <strong>Joshua Davis<\/strong><\/em><br \/>\n<em>Kamera: <strong>Mateo Londono<\/strong><\/em><br \/>\n<em>Bildschnitt: <strong>Eugenio Richer<\/strong><\/em><br \/>\n<em>Musik: <strong>Pascual Reyes, Juan Pablo Villa<\/strong><\/em><br \/>\n<em>Produktionsdesign: <strong>Juan Santiso<\/strong><\/em><br \/>\n<strong><em>Mexiko \/ 2023<\/em><\/strong><br \/>\n<em><strong>125<\/strong> Minuten<\/em><\/p><\/blockquote>\n<h6>Bildrechte:<strong> 25 BILDER GmbH<\/strong><\/h6>\n","protected":false},"excerpt":{"rendered":"<p>RADICAL &#8211; Bundesstart 21.03.2024 &#8211; Release 20.10.2023 (MEX) Im Jahr 2011 kommt Sergio Ju\u00e1rez Correa in die Jos\u00e9 Urbina L\u00f3pez Grundschule von Matamoros. Ein ausgebrannter Aushilfslehrer, der mit neuen Lehrmethoden versucht vor allem den Kindern, aber auch sich selbst neue &hellip; <a href=\"https:\/\/www.alleyways.de\/abgeschminkt\/2024\/radical-eine-klasse-fuer-sich\/\">Weiterlesen <span class=\"meta-nav\">&rarr;<\/span><\/a><\/p>\n","protected":false},"author":5,"featured_media":0,"comment_status":"open","ping_status":"open","sticky":false,"template":"","format":"standard","meta":{"footnotes":""},"categories":[1,4],"tags":[443,171,4703,261,3797,4702,3302],"class_list":["post-23483","post","type-post","status-publish","format-standard","hentry","category-allgemein","category-im-kino-gesehen","tag-biografie","tag-drama","tag-eine-klasse-fuer-sich","tag-komodie","tag-mexiko","tag-radical","tag-wahre-begebenheit"],"_links":{"self":[{"href":"https:\/\/www.alleyways.de\/abgeschminkt\/wp-json\/wp\/v2\/posts\/23483","targetHints":{"allow":["GET"]}}],"collection":[{"href":"https:\/\/www.alleyways.de\/abgeschminkt\/wp-json\/wp\/v2\/posts"}],"about":[{"href":"https:\/\/www.alleyways.de\/abgeschminkt\/wp-json\/wp\/v2\/types\/post"}],"author":[{"embeddable":true,"href":"https:\/\/www.alleyways.de\/abgeschminkt\/wp-json\/wp\/v2\/users\/5"}],"replies":[{"embeddable":true,"href":"https:\/\/www.alleyways.de\/abgeschminkt\/wp-json\/wp\/v2\/comments?post=23483"}],"version-history":[{"count":13,"href":"https:\/\/www.alleyways.de\/abgeschminkt\/wp-json\/wp\/v2\/posts\/23483\/revisions"}],"predecessor-version":[{"id":23521,"href":"https:\/\/www.alleyways.de\/abgeschminkt\/wp-json\/wp\/v2\/posts\/23483\/revisions\/23521"}],"wp:attachment":[{"href":"https:\/\/www.alleyways.de\/abgeschminkt\/wp-json\/wp\/v2\/media?parent=23483"}],"wp:term":[{"taxonomy":"category","embeddable":true,"href":"https:\/\/www.alleyways.de\/abgeschminkt\/wp-json\/wp\/v2\/categories?post=23483"},{"taxonomy":"post_tag","embeddable":true,"href":"https:\/\/www.alleyways.de\/abgeschminkt\/wp-json\/wp\/v2\/tags?post=23483"}],"curies":[{"name":"wp","href":"https:\/\/api.w.org\/{rel}","templated":true}]}}