{"id":23897,"date":"2024-05-27T06:06:09","date_gmt":"2024-05-27T04:06:09","guid":{"rendered":"https:\/\/www.alleyways.de\/abgeschminkt\/?p=23897"},"modified":"2024-05-17T18:46:16","modified_gmt":"2024-05-17T16:46:16","slug":"von-vaetern-und-muettern-faedre-modre","status":"publish","type":"post","link":"https:\/\/www.alleyways.de\/abgeschminkt\/2024\/von-vaetern-und-muettern-faedre-modre\/","title":{"rendered":"VON V\u00c4TERN UND M\u00dcTTERN"},"content":{"rendered":"<h3 style=\"text-align: right;\"><a href=\"https:\/\/www.alleyways.de\/abgeschminkt\/?attachment_id=23899\" rel=\"attachment wp-att-23899\"><img loading=\"lazy\" decoding=\"async\" class=\"alignleft wp-image-23899 \" title=\"Von V\u00e4tern und M\u00fcttern 1 - Courtesy MINDJAZZ PICTURES\" src=\"https:\/\/www.alleyways.de\/abgeschminkt\/wp-content\/uploads\/Von-Vaaetern-und-Muettern-1-Courtesy-MINDJAZZ-PICTURES.jpg\" alt=\"Von V\u00e4tern und M\u00fcttern 1 - Courtesy MINDJAZZ PICTURES\" width=\"258\" height=\"364\" srcset=\"https:\/\/www.alleyways.de\/abgeschminkt\/wp-content\/uploads\/Von-Vaaetern-und-Muettern-1-Courtesy-MINDJAZZ-PICTURES.jpg 354w, https:\/\/www.alleyways.de\/abgeschminkt\/wp-content\/uploads\/Von-Vaaetern-und-Muettern-1-Courtesy-MINDJAZZ-PICTURES-212x300.jpg 212w, https:\/\/www.alleyways.de\/abgeschminkt\/wp-content\/uploads\/Von-Vaaetern-und-Muettern-1-Courtesy-MINDJAZZ-PICTURES-142x200.jpg 142w\" sizes=\"auto, (max-width: 258px) 100vw, 258px\" \/><\/a><strong>F\u00c6DRE &amp; M\u00d8DRE<\/strong><br \/>\n<strong>&#8211; Bundesstart 23.05.2024<\/strong><br \/>\n&#8211; Release 03.11.2022 (DNK)<\/h3>\n<p style=\"text-align: justify;\"><span style=\"color: #000000;\">Zum vierten Mal hat Hannah nun schon die Schule gewechselt. Das kreative M\u00e4dchen war in den anderen Institutionen einfach unterfordert. Hier an der Adlerhus Schule soll das anders werden. Zur Freude von Hannah, und zur allgemeinen Zufriedenheit der Eltern Ulrik und Piv, Kurzform von Pernille. Aber mit dem Kind in der Schule allein ist es nicht getan. Piv und Ulrik m\u00fcssen noch beim Elternabend begr\u00fc\u00dft werden, und sich beim Klassenausflug bew\u00e4hren. Dieser dreit\u00e4gige H\u00fcttenaufenthalt von Sch\u00fclern und Eltern der 6B der Adlerhus Skole wird f\u00fcr Piv und Ulrik dann auch zur Feuerprobe, fast schon im wortw\u00f6rtlichem Sinne. Denn Paprika Steen inszeniert ihren Ausflug genau mit den sonderlichen Eigenheiten die solche Vorhaben mit sich bringen. Und wie es schon jeder Elternteil erfahren hat, oder kinderlose Menschen geh\u00f6rt haben. Laut, schr\u00e4g, unsicher, gemein, hinterlistig, selbstgef\u00e4llig, armselig.<\/span><\/p>\n<p><!--more--><\/p>\n<p style=\"text-align: justify;\"><span style=\"color: #000000;\">Jakob Weis hat das Drehbuch geschrieben, der mehr bei TV besch\u00e4ftigt ist, aber mit Steen bereits vier Jahre vorher den weniger erfolgreichen ALLE JAHRE WIEDER geschrieben hat. Anzunehmen, dass VON V\u00c4TERN UND M\u00dcTTERN hierzulande auch nicht erfolgreicher laufen wird. In anderen L\u00e4ndern ist die 2022 ver\u00f6ffentlichte Produktion schon lange auf Silberscheibe erschienen. Die Frage des Erfolgs ist aber auch eine Frage des Themas. So witzig, b\u00f6se und satirisch sich der Film gleich von Anfang an entfaltet, ist es eben eine auf den Punkt gebrachte Geschichte, direkt aus dem Leben. Piv und Ulrik merken sehr schnell, wie fremd sie sich in der Elterngruppe f\u00fchlen.<\/span><\/p>\n<p style=\"text-align: justify;\"><span style=\"color: #000000;\">In der H\u00fctte angekommen, l\u00e4sst Paprika Steen die Kinder weitgehend aus der Geschichte. Lediglich Hannah muss ab und an als Spiegel f\u00fcr die gr\u00e4sslichen Vorurteile herhalten, weil sie ausgerechnet mit dem unterprivilegierten Julian abh\u00e4ngt. Die unterschiedlichsten Macken der anderen Eltern stellen eine echte Belastungsprobe dar. Es gibt das Alpham\u00e4nnchen, die pr\u00fcde Vorsichtige, den Aufschneider, die streits\u00fcchtige Zicke, den Fremdg\u00e4nger, die \u00dcberkorrekte, der Besserwisser, die sehr Freigeistige. Sie alle sind dabei, und alle mit ihren spezifischen Neurosen. Zu heftigen Gef\u00fchlsausbr\u00fcchen kommt es schon wegen Kleinigkeiten. Sei es Kindererziehung, oder eine verstopfte Toilette.<\/span><\/p>\n<p style=\"text-align: justify;\"><span style=\"color: #000000;\">Doch wenn die Kinder in den Kojen liegen, eskaliert bei den Erwachsenen der Joint- und Alkoholgenuss bereits in der ersten Nacht, als ob nichts gewesen w\u00e4re. Jemand entpuppt sich als Betr\u00fcger, andere als L\u00fcgner. Menschen die eigentlich keine Gemeinsamkeiten haben, zum gemeinsamen Spa\u00df verdammt. Das Los von Elternschaft und Gruppenzwang. Weis als Autor und Steen in der Inszenierung beweisen sich als pr\u00e4zise Beobachter mit scharfem Blick auf gesellschaftliche Unzul\u00e4nglichkeiten. Die B\u00f6sartigkeiten des Lebens lassen das Publikum vergn\u00fcgt schmunzeln. Oder Fremdsch\u00e4men. Was an VON V\u00c4TERN UND M\u00dcTTERN so eindringlich ber\u00fchrt, ist seine unangenehme Ehrlichkeit.<\/span><\/p>\n<p><a href=\"https:\/\/www.alleyways.de\/abgeschminkt\/?attachment_id=23901\" rel=\"attachment wp-att-23901\"><img loading=\"lazy\" decoding=\"async\" class=\"alignleft wp-image-23901 size-full\" title=\"Von V\u00e4tern und M\u00fcttern 2 - Courtesy MINDJAZZ PICTURES\" src=\"https:\/\/www.alleyways.de\/abgeschminkt\/wp-content\/uploads\/Von-Vaetern-und-Muettern-2-Courtesy-MINDJAZZ-PICTURES.jpg\" alt=\"Von V\u00e4tern und M\u00fcttern 2 - Courtesy MINDJAZZ PICTURES\" width=\"640\" height=\"384\" srcset=\"https:\/\/www.alleyways.de\/abgeschminkt\/wp-content\/uploads\/Von-Vaetern-und-Muettern-2-Courtesy-MINDJAZZ-PICTURES.jpg 640w, https:\/\/www.alleyways.de\/abgeschminkt\/wp-content\/uploads\/Von-Vaetern-und-Muettern-2-Courtesy-MINDJAZZ-PICTURES-300x180.jpg 300w, https:\/\/www.alleyways.de\/abgeschminkt\/wp-content\/uploads\/Von-Vaetern-und-Muettern-2-Courtesy-MINDJAZZ-PICTURES-200x120.jpg 200w\" sizes=\"auto, (max-width: 640px) 100vw, 640px\" \/><\/a><\/p>\n<p style=\"text-align: justify;\"><span style=\"color: #000000;\">Die Kamera von Jan Pallesen ist zuerst ein n\u00fcchternen Betrachter, aber Jacob Thuessen nutzt das im Schnitt sehr geschickt. Gewisse Einstellungen l\u00e4sst er entweder einen Bruchteil einer Sekunde zu lang stehen, oder schneidet knapp zu fr\u00fch weg. Dadurch offenbaren sich manchmal noch entlarvende Reaktionen der Figuren, oder diese Reaktionen sind zu kurz, und man r\u00e4tselt \u00fcber ihre Bedeutung. Der Film zieht einen unterbewusst viel n\u00e4her an die Figuren, als man zuerst wahrhaben m\u00f6chte. Paprika Steen hat ein Drama, eine Kom\u00f6die, einen Psychothriller, eine Satire gemacht. Er ist so viel, und doch trifft nichts wirklich den Kern. Es ist eben ein skandinavischer Film.<\/span><\/p>\n<p style=\"text-align: justify;\"><span style=\"color: #000000;\">Was dem Film aber fehlt, sind neue Ans\u00e4tze, ganz eigene Gedankeng\u00e4nge, vielleicht ein etwas gr\u00f6\u00dferer Knall, um diese satirische Wirklichkeit zu einer bitterb\u00f6sen Farce zu machen. VON V\u00c4TERN UND M\u00dcTTERN ist am Ende doch etwas brav, auch wenn er immer wieder genau seine wunden Punkte trifft, welche mit den dargestellten Ereignissen einhergehen. Es sind auch die &#8218;unterhaltsamensten&#8216; Momente, wenn nach heftigen Auseinandersetzungen und unverbl\u00fcmten Beschimpfungen so getan wird, als w\u00e4re nichts gewesen. Was das exzellente Ensemble wunderbar meistert, die alle schon einmal in diversen Konstellationen bei anderen Filmen zusammengearbeitet haben.<\/span><\/p>\n<p style=\"text-align: justify;\"><span style=\"color: #000000;\">Es ist die \u00fcberzeugende Nat\u00fcrlichkeit der Darsteller, die aus dem Film weit mehr machen als die Geschichte hergibt. Hergibt, in dem Rahmen, weil Steen ihren Film auch glaubw\u00fcrdig halten will. Katrine Greis-Rosenthal und Jacob Lohmann sind ein grandioses Elternpaar zwischen Helikopter-F\u00fcrsorge, Vorbehalten, und Anbiederung. Allerdings steht die gesamte Darsteller-Riege mit ihren unterschiedlichen Marotten den Erstgenannten in nichts nach. Paprika Steen l\u00e4sst ein wenig die Sch\u00e4rfe von ADAMS \u00c4PFEL oder UNDER THE TREE vermissen, VON V\u00c4TERN UND M\u00dcTTERN ist dennoch ein Film, der dem skandinavischen Kino absolut gerecht wird, und unterh\u00e4lt.<\/span><\/p>\n<p><a href=\"https:\/\/www.alleyways.de\/abgeschminkt\/?attachment_id=23900\" rel=\"attachment wp-att-23900\"><img loading=\"lazy\" decoding=\"async\" class=\"alignleft wp-image-23900 size-full\" title=\"Von V\u00e4tern und M\u00fcttern 3 - Courtesy MINDJAZZ PICTURES\" src=\"https:\/\/www.alleyways.de\/abgeschminkt\/wp-content\/uploads\/Von-Vaaetern-und-Muettern-3-Courtesy-MINDJAZZ-PICTURES.jpg\" alt=\"Von V\u00e4tern und M\u00fcttern 3 - Courtesy MINDJAZZ PICTURES\" width=\"640\" height=\"331\" srcset=\"https:\/\/www.alleyways.de\/abgeschminkt\/wp-content\/uploads\/Von-Vaaetern-und-Muettern-3-Courtesy-MINDJAZZ-PICTURES.jpg 640w, https:\/\/www.alleyways.de\/abgeschminkt\/wp-content\/uploads\/Von-Vaaetern-und-Muettern-3-Courtesy-MINDJAZZ-PICTURES-300x155.jpg 300w, https:\/\/www.alleyways.de\/abgeschminkt\/wp-content\/uploads\/Von-Vaaetern-und-Muettern-3-Courtesy-MINDJAZZ-PICTURES-200x103.jpg 200w\" sizes=\"auto, (max-width: 640px) 100vw, 640px\" \/><\/a><\/p>\n<p>&nbsp;<\/p>\n<blockquote><p><em>Darsteller:<strong> Jacob Lohmann, Kathrin Greis-Rosenthal, Rasmus Bjerg, Lise Baastrup, Nikolaj Lie Kaas, Line Kruse, Mikael Birkkjaer, Lisa Loven Kongsli<\/strong> sowie <strong>Ida Skelb\u00e6k-Knudsen<\/strong> u.a.<\/em><br \/>\n<em>Regie: <strong>Paprika Steen<\/strong><\/em><br \/>\n<em>Drehbuch: <strong>Jakob Weis<\/strong><\/em><br \/>\n<em>Kamera: <strong>Jan Pallesen<\/strong><\/em><br \/>\n<em>Bildschnitt: <strong>Jacob Thuessen<\/strong><\/em><br \/>\n<em>Musik:<strong> Jeppe Kaas<\/strong><\/em><br \/>\n<em>Produktionsdesign: <strong>Julie Hennecke Hartman<\/strong><\/em><br \/>\n<strong><em>D\u00e4nemark \/ 2022<\/em><\/strong><br \/>\n<em><strong>97<\/strong> Minuten<\/em><\/p><\/blockquote>\n<h6>Bildrechte: <strong>MINDJAZZ PICTURES<\/strong><\/h6>\n","protected":false},"excerpt":{"rendered":"<p>F\u00c6DRE &amp; M\u00d8DRE &#8211; Bundesstart 23.05.2024 &#8211; Release 03.11.2022 (DNK) Zum vierten Mal hat Hannah nun schon die Schule gewechselt. Das kreative M\u00e4dchen war in den anderen Institutionen einfach unterfordert. Hier an der Adlerhus Schule soll das anders werden. Zur &hellip; <a href=\"https:\/\/www.alleyways.de\/abgeschminkt\/2024\/von-vaetern-und-muettern-faedre-modre\/\">Weiterlesen <span class=\"meta-nav\">&rarr;<\/span><\/a><\/p>\n","protected":false},"author":5,"featured_media":0,"comment_status":"open","ping_status":"open","sticky":false,"template":"","format":"standard","meta":{"footnotes":""},"categories":[1,4],"tags":[2186,4755,261,4756,3582,2575,4754],"class_list":["post-23897","post","type-post","status-publish","format-standard","hentry","category-allgemein","category-im-kino-gesehen","tag-daenemark","tag-faedre-modre","tag-komodie","tag-paprika-steen","tag-schwarze-komoedie","tag-skandinavien","tag-von-vaetern-und-muettern"],"_links":{"self":[{"href":"https:\/\/www.alleyways.de\/abgeschminkt\/wp-json\/wp\/v2\/posts\/23897","targetHints":{"allow":["GET"]}}],"collection":[{"href":"https:\/\/www.alleyways.de\/abgeschminkt\/wp-json\/wp\/v2\/posts"}],"about":[{"href":"https:\/\/www.alleyways.de\/abgeschminkt\/wp-json\/wp\/v2\/types\/post"}],"author":[{"embeddable":true,"href":"https:\/\/www.alleyways.de\/abgeschminkt\/wp-json\/wp\/v2\/users\/5"}],"replies":[{"embeddable":true,"href":"https:\/\/www.alleyways.de\/abgeschminkt\/wp-json\/wp\/v2\/comments?post=23897"}],"version-history":[{"count":12,"href":"https:\/\/www.alleyways.de\/abgeschminkt\/wp-json\/wp\/v2\/posts\/23897\/revisions"}],"predecessor-version":[{"id":23914,"href":"https:\/\/www.alleyways.de\/abgeschminkt\/wp-json\/wp\/v2\/posts\/23897\/revisions\/23914"}],"wp:attachment":[{"href":"https:\/\/www.alleyways.de\/abgeschminkt\/wp-json\/wp\/v2\/media?parent=23897"}],"wp:term":[{"taxonomy":"category","embeddable":true,"href":"https:\/\/www.alleyways.de\/abgeschminkt\/wp-json\/wp\/v2\/categories?post=23897"},{"taxonomy":"post_tag","embeddable":true,"href":"https:\/\/www.alleyways.de\/abgeschminkt\/wp-json\/wp\/v2\/tags?post=23897"}],"curies":[{"name":"wp","href":"https:\/\/api.w.org\/{rel}","templated":true}]}}