{"id":26628,"date":"2025-04-10T06:06:04","date_gmt":"2025-04-10T04:06:04","guid":{"rendered":"https:\/\/www.alleyways.de\/abgeschminkt\/?p=26628"},"modified":"2025-04-04T17:55:59","modified_gmt":"2025-04-04T15:55:59","slug":"stormskaers-maja-von-liebe-getragen-von-stuermen-gepraegt","status":"publish","type":"post","link":"https:\/\/www.alleyways.de\/abgeschminkt\/2025\/stormskaers-maja-von-liebe-getragen-von-stuermen-gepraegt\/","title":{"rendered":"STORMSK\u00c4RS MAJA &#8211; Von Liebe getragen, von St\u00fcrmen gepr\u00e4gt"},"content":{"rendered":"<h3 style=\"text-align: right;\"><a href=\"https:\/\/www.alleyways.de\/abgeschminkt\/?attachment_id=26634\" rel=\"attachment wp-att-26634\"><img loading=\"lazy\" decoding=\"async\" class=\"alignleft wp-image-26634\" title=\"(c) MINDJAZZ PICTURES\" src=\"https:\/\/www.alleyways.de\/abgeschminkt\/wp-content\/uploads\/Stormskaers-Maja.jpg\" alt=\"Stormskaers Maja - (c) MINDJAZZ PICTURES\" width=\"259\" height=\"364\" \/><\/a><strong>MYRSKYLUODON MAIJA<\/strong><br \/>\na.k.a. STORMSKERRY MAJA<br \/>\n<strong>&#8211; Bundesstart 03.04.2025<\/strong><br \/>\n&#8211; Release 19.01.2024 (FIN)<\/h3>\n<p style=\"text-align: justify;\"><span style=\"color: #000000;\">Auf den \u00c5landinseln, irgendwann Mitte des 19. Jahrhunderts. Die siebzehnj\u00e4hrige Maja wird mit dem jungen Janne verheiratet. Aus der beh\u00fcteten Familie gerissen, muss sie sich mit dem Mann arrangieren, den sie gar nicht liebt. Auf einer kleinen Felseninsel baut Janne ihnen ein eigenes Zuhause und verdient sich als Fischer. Langsam erkennt Maja, was f\u00fcr ein guter Kerl ihr Janne ist. Es erw\u00e4chst eine inst\u00e4ndige, gegenseitige Liebe, die zu einer langsam anwachsenden Familie f\u00fchrt. Die Schriftstellerin Anni Blomqvist hat viel Drama in ihre Geschichten um Maja von der Stormsk\u00e4rinsel gepackt. F\u00fcnf Romane hat Blomqvist zwischen 1968 und 1973 geschrieben. Und wie es scheint, hat Filmemacherin Tiina Lymi alle f\u00fcnf Romane in ihren Film gepackt. Verleih und Presseheft geben das nicht explizit an, aber die Reihenfolge der Buchtitel ist stimmig zu der Struktur des Films.<\/span><\/p>\n<p><!--more--><\/p>\n<p style=\"text-align: justify;\"><span style=\"color: #000000;\">Als w\u00e4re das karge Leben auf der Felseninsel nicht schon hart genug, bricht der \u00c5land-Krieg aus. Janne muss fliehen, weil ein britischer Trupp auf der kleinen Insel ihr Lager errichtet, und er als m\u00f6glicher Verr\u00e4ter erschossen werden w\u00fcrde. Maja und die Kinder m\u00fcssen derweil noch ein gutes Dutzend Soldaten versorgen. Indes wird in den Kriegswirren eine R\u00fcckkehr von Janne immer unwahrscheinlicher. Von der unbeschwerten Jugend zuhause \u00fcber die Zwangsheirat hin zum Alltag auf der Insel und alles was sich noch bis zum Ende ergibt, sind das alles Elemente in der Handlung die man so oder so \u00e4hnlich kennt. Dramaturgisch hat Tiina Lymis Film wahrlich nichts Neues oder \u00dcberraschendes vorzuf\u00fchren, was die \u00fcppige Laufzeit nur l\u00e4nger macht.<\/span><\/p>\n<p style=\"text-align: justify;\"><span style=\"color: #000000;\">Faszinierend ist die Bekanntschaft mit einem Landstrich, von dem wohl die wenigsten Genaueres wissen d\u00fcrften. Die \u00c5landinseln haben eine faszinierende Historie, welcher der Film allerdings nicht gerecht wird. Zu viel bleibt vage, zu viel muss man sich im Nachhinein selbst erarbeiten. Regisseurin Tiina Lymi m\u00f6chte ein Epos schaffen, soweit ist die Absicht durchaus zu erkennen. Ausladende Bilder, lange Einstellungen und ruhende Impressionen, dazu eine ein ganzes Leben umfassende Zeitspanne. Was Lymi aber nicht gelingt, ist eine der Dramaturgie entsprechende Atmosph\u00e4re zu schaffen.<\/span><\/p>\n<p><a href=\"https:\/\/www.alleyways.de\/abgeschminkt\/?attachment_id=26636\" rel=\"attachment wp-att-26636\"><img loading=\"lazy\" decoding=\"async\" class=\"alignleft wp-image-26636 size-full\" title=\"(c) MINDJAZZ PICTURES\" src=\"https:\/\/www.alleyways.de\/abgeschminkt\/wp-content\/uploads\/Stormskaers-Maja-b.jpg\" alt=\"Stormskaers Maja b - (c) MINDJAZZ PICTURES\" width=\"2048\" height=\"1365\" srcset=\"https:\/\/www.alleyways.de\/abgeschminkt\/wp-content\/uploads\/Stormskaers-Maja-b.jpg 2048w, https:\/\/www.alleyways.de\/abgeschminkt\/wp-content\/uploads\/Stormskaers-Maja-b-300x200.jpg 300w, https:\/\/www.alleyways.de\/abgeschminkt\/wp-content\/uploads\/Stormskaers-Maja-b-1024x683.jpg 1024w, https:\/\/www.alleyways.de\/abgeschminkt\/wp-content\/uploads\/Stormskaers-Maja-b-200x133.jpg 200w, https:\/\/www.alleyways.de\/abgeschminkt\/wp-content\/uploads\/Stormskaers-Maja-b-768x512.jpg 768w, https:\/\/www.alleyways.de\/abgeschminkt\/wp-content\/uploads\/Stormskaers-Maja-b-1536x1024.jpg 1536w\" sizes=\"auto, (max-width: 2048px) 100vw, 2048px\" \/><\/a><\/p>\n<p style=\"text-align: justify;\"><span style=\"color: #000000;\">Die Bildgestaltung hat Rauno Ronkainen zu verantworten, der immer viel mehr Idyll ablichtet als der Geschichte zutr\u00e4glich ist. Farbenfroh ges\u00e4ttigte Bilder, und selbst die wenig einladende Felseninsel bekommt teilweise einen malerischen Anstrich. Das ist immer sch\u00f6n anzuschauen, l\u00e4dt aber mehr zur n\u00e4chsten Urlaubsreise, anstatt ein Abbild des harten und zehrenden Lebens im Nirgendwo Mitte des 19. Jahrhunderts zu kreieren. Jetzt zeichnen sich skandinavische Film meist durch ihre kompromisslose Ehrlichkeit und unangenehme Realit\u00e4t aus. Tiina Lymi geht da leider in eine andere Richtung, was der Geschichte viel von dem Gef\u00fchl f\u00fcr Majas Sorgen und Entbehrungen nimmt.<\/span><\/p>\n<p style=\"text-align: justify;\"><span style=\"color: #000000;\">Mit Amanda Jansson und Linus Troedsson hat der Film zwei frische und weitgehend unbekannte Darsteller gefunden, die Maja und Janne eine sehr glaubw\u00fcrdige Basis f\u00fcr diese Zeit geben. Ihre Beziehung zueinander funktioniert, und sie zeigen auch \u00fcberzeugend ihre Sorgen und Probleme die sich mit der Abgeschiedenheit der Insel ergeben. Nur gelingt es Tiina Lymi nicht dieses entbehrlich beschwerliche Leben auf der Leinwand ad\u00e4quat umzusetzen. Die B\u00fccher sind auch Geschichten \u00fcber Selbstfindung und weibliche Selbstbestimmung, was im Film in nur wenigen Szenen angedeutet bleibt. Ein wirklich dem Thema entsprechendes Bild ergibt sich daraus allerdings nicht.<\/span><\/p>\n<p style=\"text-align: justify;\"><span style=\"color: #000000;\">STORMSK\u00c4RS MAJA h\u00e4tte so viele M\u00f6glichkeiten, und nutzt sie kaum. Nicht zum Vorteil ist die Zeit, die sich Tiina Lymi in ihrer Inszenierung nimmt. Sie will die Atmosph\u00e4re wirken lassen. Dadurch wird der Film aber nur lang, weil sehr oft nichts geschieht was Handlung oder Charaktere voranbringt. Es ist der gef\u00fchlvolle und getragene Soundtrack von Lauri Porra, der immer wieder die passende Stimmung des Films bestimmt und wiedergibt. Die abwechslungsreichen Kompositionen sind f\u00fcr jede Sequenz wesentlich um die Gef\u00fchle zu tragen. Aber auch Porras Musik kann nicht verhindern, dass sich der Film immer wieder selbst auf das Niveau eines gef\u00e4lligen Fernsehfilms beschr\u00e4nkt, anstatt ein wirklich bewegendes Kinoerlebnis zu schaffen.<\/span><\/p>\n<p><a href=\"https:\/\/www.alleyways.de\/abgeschminkt\/?attachment_id=26635\" rel=\"attachment wp-att-26635\"><img loading=\"lazy\" decoding=\"async\" class=\"alignleft wp-image-26635 size-full\" title=\"(c) MINDJAZZ PICTURES\" src=\"https:\/\/www.alleyways.de\/abgeschminkt\/wp-content\/uploads\/Stormskaers-Maja-a-e1742235454795.jpg\" alt=\"Stormskaers Maja a - (c) MINDJAZZ PICTURES\" width=\"640\" height=\"427\" \/><\/a><\/p>\n<hr \/>\n<blockquote><p><span style=\"color: #5e5e5e;\"><em>Darsteller: <strong>Amanda Jansson, Linus Troedsson, Jonaa J\u00e4rnefelt, Tobias Zilliacus, Amanda Kilpel\u00e4inen Arvidsson, Desmond Eastwood, Tony Doyle<\/strong> u.a.<\/em><\/span><\/p>\n<p><span style=\"color: #5e5e5e;\"><em>Regie &amp; Drehbuch: <strong>Tiina Lymi<\/strong><\/em><\/span><br \/>\n<span style=\"color: #5e5e5e;\"><em>nach der Buchreihe von <strong>Anni Blomqvist<\/strong><\/em><\/span><br \/>\n<span style=\"color: #5e5e5e;\"><em>Kamera: <strong>Rauno Ronkainen<\/strong><\/em><\/span><br \/>\n<span style=\"color: #5e5e5e;\"><em>Bildschnitt: <strong>Joona Louhivuori<\/strong><\/em><\/span><br \/>\n<span style=\"color: #5e5e5e;\"><em>Musik:<strong> Lauri Porra<\/strong><\/em><\/span><br \/>\n<span style=\"color: #5e5e5e;\"><em>Produktionsdesign: <strong>Otso Linnalaakso<\/strong><\/em><\/span><br \/>\n<span style=\"color: #5e5e5e;\"><strong><em>Finnland \/ 2024<\/em><\/strong><\/span><br \/>\n<span style=\"color: #5e5e5e;\"><em><strong>144<\/strong> Minuten<\/em><\/span><\/p><\/blockquote>\n<h6>Bildrechte: <strong>MINDJAZZ PICTURES<\/strong><\/h6>\n","protected":false},"excerpt":{"rendered":"<p>MYRSKYLUODON MAIJA a.k.a. STORMSKERRY MAJA &#8211; Bundesstart 03.04.2025 &#8211; Release 19.01.2024 (FIN) Auf den \u00c5landinseln, irgendwann Mitte des 19. Jahrhunderts. Die siebzehnj\u00e4hrige Maja wird mit dem jungen Janne verheiratet. Aus der beh\u00fcteten Familie gerissen, muss sie sich mit dem Mann &hellip; <a href=\"https:\/\/www.alleyways.de\/abgeschminkt\/2025\/stormskaers-maja-von-liebe-getragen-von-stuermen-gepraegt\/\">Weiterlesen <span class=\"meta-nav\">&rarr;<\/span><\/a><\/p>\n","protected":false},"author":5,"featured_media":0,"comment_status":"open","ping_status":"open","sticky":false,"template":"","format":"standard","meta":{"footnotes":""},"categories":[1,4],"tags":[1189,171,1781,5113,2575,5111,5112],"class_list":["post-26628","post","type-post","status-publish","format-standard","hentry","category-allgemein","category-im-kino-gesehen","tag-adaption","tag-drama","tag-finnland","tag-myrskyluodon-maija","tag-skandinavien","tag-stormskaers-maja","tag-stormskerry-maja"],"_links":{"self":[{"href":"https:\/\/www.alleyways.de\/abgeschminkt\/wp-json\/wp\/v2\/posts\/26628","targetHints":{"allow":["GET"]}}],"collection":[{"href":"https:\/\/www.alleyways.de\/abgeschminkt\/wp-json\/wp\/v2\/posts"}],"about":[{"href":"https:\/\/www.alleyways.de\/abgeschminkt\/wp-json\/wp\/v2\/types\/post"}],"author":[{"embeddable":true,"href":"https:\/\/www.alleyways.de\/abgeschminkt\/wp-json\/wp\/v2\/users\/5"}],"replies":[{"embeddable":true,"href":"https:\/\/www.alleyways.de\/abgeschminkt\/wp-json\/wp\/v2\/comments?post=26628"}],"version-history":[{"count":11,"href":"https:\/\/www.alleyways.de\/abgeschminkt\/wp-json\/wp\/v2\/posts\/26628\/revisions"}],"predecessor-version":[{"id":26644,"href":"https:\/\/www.alleyways.de\/abgeschminkt\/wp-json\/wp\/v2\/posts\/26628\/revisions\/26644"}],"wp:attachment":[{"href":"https:\/\/www.alleyways.de\/abgeschminkt\/wp-json\/wp\/v2\/media?parent=26628"}],"wp:term":[{"taxonomy":"category","embeddable":true,"href":"https:\/\/www.alleyways.de\/abgeschminkt\/wp-json\/wp\/v2\/categories?post=26628"},{"taxonomy":"post_tag","embeddable":true,"href":"https:\/\/www.alleyways.de\/abgeschminkt\/wp-json\/wp\/v2\/tags?post=26628"}],"curies":[{"name":"wp","href":"https:\/\/api.w.org\/{rel}","templated":true}]}}