{"id":28308,"date":"2025-10-23T05:05:43","date_gmt":"2025-10-23T03:05:43","guid":{"rendered":"https:\/\/www.alleyways.de\/abgeschminkt\/?p=28308"},"modified":"2025-10-04T23:08:18","modified_gmt":"2025-10-04T21:08:18","slug":"das-verschwinden-des-josef-mengele","status":"publish","type":"post","link":"https:\/\/www.alleyways.de\/abgeschminkt\/2025\/das-verschwinden-des-josef-mengele\/","title":{"rendered":"DAS VERSCHWINDEN DES JOSEF MENGELE"},"content":{"rendered":"<h3 style=\"text-align: right;\"><a href=\"https:\/\/www.alleyways.de\/abgeschminkt\/?attachment_id=28310\" rel=\"attachment wp-att-28310\"><img loading=\"lazy\" decoding=\"async\" class=\"alignleft wp-image-28310 \" title=\"\u00a9 DCM\" src=\"https:\/\/www.alleyways.de\/abgeschminkt\/wp-content\/uploads\/Verschwinden-Mengele-\u00a9-DCM.jpg\" alt=\"Verschwinden Mengele - \u00a9 DCM\" width=\"266\" height=\"377\" srcset=\"https:\/\/www.alleyways.de\/abgeschminkt\/wp-content\/uploads\/Verschwinden-Mengele-\u00a9-DCM.jpg 424w, https:\/\/www.alleyways.de\/abgeschminkt\/wp-content\/uploads\/Verschwinden-Mengele-\u00a9-DCM-212x300.jpg 212w, https:\/\/www.alleyways.de\/abgeschminkt\/wp-content\/uploads\/Verschwinden-Mengele-\u00a9-DCM-141x200.jpg 141w\" sizes=\"auto, (max-width: 266px) 100vw, 266px\" \/><\/a><strong>&#8211; Bundesstart 23.10.2025<\/strong><\/h3>\n<p style=\"text-align: justify;\"><em><span style=\"color: #696969;\">DCM-Digitales Kino, 02.20.2025<\/span><\/em><br \/>\n<span style=\"color: #000000;\">Es war leider ein viel zu wenig beachtetes Gedankenspiel, welches Roland Suso Richter 1999 mit &#8222;Nichts als die Wahrheit&#8220; in die Kinos brachte. Ein 87 Jahre alter Josef Mengele stellt sich der deutschen Justiz, um die Rechtsstaatlichkeit von Heute, mit seinen 50 Jahre vorher begangenen, seinerzeit legitimierten Verbrechen herauszufordern. Richters fiktiver Film ist durchaus auch wichtig. Jetzt aber kontert Kirill Serebrennikow mit der Verfilmung von Olivier Guez&#8216; preisgekr\u00f6ntem Roman &#8222;Das Verschwinden des Josef Mengele&#8220; &#8211; und damit der &#8218;realen&#8216; Wahrheit. Und die ist selbstredend noch viel schrecklicher als nur ein Gedankenspiel. Wobei sich Serebrennikow merklich zur\u00fcckh\u00e4lt, was die Visualisierung der Schrecken in Auschwitz betrifft. Dennoch ist das Grauen allgegenw\u00e4rtig. Denn Kirill Serebrennikow ist nicht daran interessiert so etwas wie eine menschliche Seite an dem Todesengel von Auschwitz zu finden. Und Darsteller August Diehl tut auch alles daf\u00fcr, dass Mengele durchweg als Unmensch wahrgenommen wird.<\/span><\/p>\n<p><!--more--><\/p>\n<p style=\"text-align: justify;\"><span style=\"color: #000000;\">Der Film wird nicht chronologisch erz\u00e4hlt, und springt immer wieder zu verschiedenen Stationen in Josef Mengeles Leben auf der Flucht. Argentinien, Paraguay, und Brasilien. Aber 1956 auch kurz in die Bundesrepublik Deutschland, wof\u00fcr er in Buenos Aires sogar einen Reisepass mit seinem richtigen Namen bekam. Die Zeitspr\u00fcnge nutzt der Film geschickt, um diverse Aspekte dieses Lebens auf der Flucht l\u00e4nger und eindringlicher zu zeichnen. Das ungenierte Leben im \u00dcberfluss mit befreundeten Alt-Nazis in Argentinien. Die Paranoia und allgegenw\u00e4rtige Gefahr durch Israels Mossad in Paraguay. Das Alter und der k\u00f6rperliche Verfall, sowie die Auseinandersetzung mit dem Sohn in Brasilien. Oder der politischen Wandel, diksutiert mit der Familie im deutschen G\u00fcnzburg.<\/span><\/p>\n<p style=\"text-align: justify;\"><span style=\"color: #000000;\">Kirill Serebrennikow ist leidenschaftlicher Verehrer von sehr langen und ereignisreichen Plansequenzen. Und Kameramann Vladislav Opelyants zaubert daf\u00fcr erstaunlich eindringliche Szenen. Wobei sich Mengeles Hochzeit mit seiner verwitweten Schw\u00e4gerin Martha als wahres Meisterwerk an Bewegung, Dialogen, Handlung und Ortswechsel in einer einzigen Einstellung beweist. 90 Prozent des Films hat Opelyants in Schwarzwei\u00df gedreht, vermeintlich auf 16mm-Film. Die Optik des k\u00f6rnigen 16mm-Materials erf\u00fcllt durchaus seinen zeitlos atmosph\u00e4rischen Zweck, dennoch entsteht oft der Eindruck, dass einige Einstellungen am Computer nachgebessert wurden.<\/span><\/p>\n<p style=\"text-align: justify;\"><span style=\"color: #000000;\">So gut der Film auch erz\u00e4hlt ist, bleibt er aber ein zweischneidiges Schwert. Er bietet keine wirklich neuen Einsichten, oder vielleicht sogar kontroverse Aspekte. Der in Farbe und als Privatfilm f\u00fcrs Heimkino gedrehte R\u00fcckblick &#8211; f\u00fcr Mengeles Erinnerung an Auschwitz &#8211; stellt sich dabei selbst in Frage. Zweifelsfrei symbolisieren diese pl\u00f6tzlich farbigen Aufnahmen die scheinbar beste Zeit in Mengeles Leben. Und der Regisseur nutzt diesen optischen Wechsel am Ende auch f\u00fcr einen besonderen Kniff, wenn Mengele von den Geistern der Vergangenheit eingeholt wird. Aber die im Heimkinostil gezeigten Gr\u00e4ueltaten an Lagerinsassen kann sehr leicht als voyeuristische Ausbeutung missverstanden werden, weil sie im Grunde nicht n\u00f6tig sind.<\/span><\/p>\n<p><a href=\"https:\/\/www.alleyways.de\/abgeschminkt\/?attachment_id=28312\" rel=\"attachment wp-att-28312\"><img loading=\"lazy\" decoding=\"async\" class=\"alignleft wp-image-28312 size-full\" title=\"\u00a9 Lupa Film, CG Cinema, Hype Studios\" src=\"https:\/\/www.alleyways.de\/abgeschminkt\/wp-content\/uploads\/Verschwinden-Mengele-b-\u00a9-Lupa-Film-CG-Cinema-Hype-Studios.jpg\" alt=\"Verschwinden Mengele b - \u00a9 Lupa Film, CG Cinema, Hype Studios\" width=\"640\" height=\"267\" srcset=\"https:\/\/www.alleyways.de\/abgeschminkt\/wp-content\/uploads\/Verschwinden-Mengele-b-\u00a9-Lupa-Film-CG-Cinema-Hype-Studios.jpg 640w, https:\/\/www.alleyways.de\/abgeschminkt\/wp-content\/uploads\/Verschwinden-Mengele-b-\u00a9-Lupa-Film-CG-Cinema-Hype-Studios-300x125.jpg 300w, https:\/\/www.alleyways.de\/abgeschminkt\/wp-content\/uploads\/Verschwinden-Mengele-b-\u00a9-Lupa-Film-CG-Cinema-Hype-Studios-200x83.jpg 200w\" sizes=\"auto, (max-width: 640px) 100vw, 640px\" \/><\/a><\/p>\n<p style=\"text-align: justify;\"><span style=\"color: #000000;\">Der f\u00fcr den Film relevante Schrecken kommt aus den unbek\u00fcmmerten Gespr\u00e4chen und unreflektierten Gedankeng\u00e4ngen, nicht nur von dem bis zu seinem Tod \u00fcberzeugten Mengele, sondern seinen ebenfalls im Exil lebenden Nazi-Schergen. Sogar bei der unbehelligt in G\u00fcnzburg lebenden Familie. Aus tiefster \u00dcberzeugung glaubt man an das Wiedererstarken des Nationalsozialismus. Begr\u00fcndungen liefert die junge Bundesrepublik Deutschland selbst, wenn die ewig Gestrigen immer wieder anf\u00fchren, welche Hitler-Getreuen in welchen politischen Positionen Stellung gefunden hat.<\/span><\/p>\n<p style=\"text-align: justify;\"><span style=\"color: #000000;\">August Diehl ist sicherlich nicht Deutschlands beliebtester Schauspieler &#8211; warum auch immer. Aber er ist einer der Unerschrockensten &#8211; vielleicht gerade deshalb. Und als Josef Mengele zeigt er erneut, warum er schlichtweg zu den Besten und international Anerkanntesten z\u00e4hlt. Dabei ist es ohne Belang, wie authentisch er die reale Person widerspiegelt. Diehl ist mit jeder Faser ein Josef Mengele, der jene Verbrechen begangen hat. Der von seiner Unschuld \u00fcberzeugt ist. F\u00fcr den es nichts zu bereuen gilt. Kirill Serebrennikow l\u00e4sst in vielen Szenen mit Mengele den Schauspieler auch au\u00dferhalb des Zentrums, und konzentriert das Bild auf die Nebendarsteller und deren Reaktionen. Doch Diehls Pr\u00e4senz bleibt in jeder Einstellung dominant. Und wenn er mit nur kurzen Blicken Umgebung oder Personen mustert, werden seine Gedanken sichtbar.<\/span><\/p>\n<p style=\"text-align: justify;\"><span style=\"color: #000000;\">&#8222;Das Verschwinden des Josef Mengele&#8220; ist ein sehr einnehmender und beunruhigender Film, der trotz allem im Verlauf immer wieder etwas Unbestimmtes vermissen l\u00e4sst. Zudem kommt die tr\u00fcgerisch nerv\u00f6se Ruhe der Erz\u00e4hlung in der letzten halben Stunde schwer aus dem Tritt. Die Schnittrate wird h\u00f6her, die Kameraeinstellungen extremer. Die optischen Eindr\u00fccke verlieren ihre vorangegangene N\u00fcchternheit, als wollte der Regisseur einen abschlie\u00dfenden Fiebertraum erzwingen. Davon aber abgesehen braucht der Film auch nicht zwangsl\u00e4ufig neue Ansichten oder kontroverse Aspekte um wichtig zu sein. Das zeigen warnende Nachrichten aus allen Teilen unser Welt.<\/span><\/p>\n<p><a href=\"https:\/\/www.alleyways.de\/abgeschminkt\/?attachment_id=28311\" rel=\"attachment wp-att-28311\"><img loading=\"lazy\" decoding=\"async\" class=\"alignleft wp-image-28311 size-full\" title=\"\u00a9 Lupa Film, CG Cinema, Hype Studios\" src=\"https:\/\/www.alleyways.de\/abgeschminkt\/wp-content\/uploads\/Verschwinden-Mengele-a-\u00a9-Lupa-Film-CG-Cinema-Hype-Studios.jpg\" alt=\"Verschwinden Mengele a - \u00a9 Lupa Film, CG Cinema, Hype Studios\" width=\"640\" height=\"268\" srcset=\"https:\/\/www.alleyways.de\/abgeschminkt\/wp-content\/uploads\/Verschwinden-Mengele-a-\u00a9-Lupa-Film-CG-Cinema-Hype-Studios.jpg 640w, https:\/\/www.alleyways.de\/abgeschminkt\/wp-content\/uploads\/Verschwinden-Mengele-a-\u00a9-Lupa-Film-CG-Cinema-Hype-Studios-300x126.jpg 300w, https:\/\/www.alleyways.de\/abgeschminkt\/wp-content\/uploads\/Verschwinden-Mengele-a-\u00a9-Lupa-Film-CG-Cinema-Hype-Studios-200x84.jpg 200w\" sizes=\"auto, (max-width: 640px) 100vw, 640px\" \/><\/a><\/p>\n<hr \/>\n<blockquote><p><span style=\"color: #666464;\"><em>Darsteller: <strong>August Diehl, Max Bretschneider, Dana Herfurth, Frederik Becht, Mirco Kreibich, Annam\u00e1ria L\u00e1ng<\/strong> u.a.<\/em><\/span><\/p>\n<p><span style=\"color: #666464;\"><em>Regie &amp; Drehbuch: <strong>Kirill Serebrennikow<\/strong><\/em><\/span><br \/>\n<span style=\"color: #666464;\"><em>nach dem Buch von <strong>Olivier Guez<\/strong><\/em><\/span><br \/>\n<span style=\"color: #666464;\"><em>Kamera: <strong>Vladislav Opelyants<\/strong><\/em><\/span><br \/>\n<span style=\"color: #666464;\"><em>Bildschnitt: <strong>Hansj\u00f6rg Wei\u00dfbrich<\/strong><\/em><\/span><br \/>\n<span style=\"color: #666464;\"><em>Musik: <strong>Ilja Demutsky<\/strong><\/em><\/span><br \/>\n<span style=\"color: #666464;\"><em>Produktionsdesign: <strong>Maria Belen Cirio, Lyubov Korolkova, Vladislav Ogay<\/strong><\/em><\/span><br \/>\n<span style=\"color: #666464;\"><strong><em>Frankreich, Mexiko, Gro\u00dfbritannien, Deutschland, USA<\/em><\/strong><\/span><br \/>\n<span style=\"color: #666464;\"><strong><em>2025<\/em><\/strong><\/span><br \/>\n<span style=\"color: #666464;\"><em><strong>135<\/strong> Minuten<\/em><\/span><\/p><\/blockquote>\n<h6>Bildrechte: <strong>Lupa Film, CG Cinema, Hype Studios \/ DCM<\/strong><\/h6>\n","protected":false},"excerpt":{"rendered":"<p>&#8211; Bundesstart 23.10.2025 DCM-Digitales Kino, 02.20.2025 Es war leider ein viel zu wenig beachtetes Gedankenspiel, welches Roland Suso Richter 1999 mit &#8222;Nichts als die Wahrheit&#8220; in die Kinos brachte. Ein 87 Jahre alter Josef Mengele stellt sich der deutschen Justiz, &hellip; <a href=\"https:\/\/www.alleyways.de\/abgeschminkt\/2025\/das-verschwinden-des-josef-mengele\/\">Weiterlesen <span class=\"meta-nav\">&rarr;<\/span><\/a><\/p>\n","protected":false},"author":5,"featured_media":0,"comment_status":"open","ping_status":"open","sticky":false,"template":"","format":"standard","meta":{"footnotes":""},"categories":[1,4],"tags":[2438,5331,5332],"class_list":["post-28308","post","type-post","status-publish","format-standard","hentry","category-allgemein","category-im-kino-gesehen","tag-august-diehl","tag-das-verschwinden-des-josef-mengele","tag-kirill-serebrennikow"],"_links":{"self":[{"href":"https:\/\/www.alleyways.de\/abgeschminkt\/wp-json\/wp\/v2\/posts\/28308","targetHints":{"allow":["GET"]}}],"collection":[{"href":"https:\/\/www.alleyways.de\/abgeschminkt\/wp-json\/wp\/v2\/posts"}],"about":[{"href":"https:\/\/www.alleyways.de\/abgeschminkt\/wp-json\/wp\/v2\/types\/post"}],"author":[{"embeddable":true,"href":"https:\/\/www.alleyways.de\/abgeschminkt\/wp-json\/wp\/v2\/users\/5"}],"replies":[{"embeddable":true,"href":"https:\/\/www.alleyways.de\/abgeschminkt\/wp-json\/wp\/v2\/comments?post=28308"}],"version-history":[{"count":11,"href":"https:\/\/www.alleyways.de\/abgeschminkt\/wp-json\/wp\/v2\/posts\/28308\/revisions"}],"predecessor-version":[{"id":28330,"href":"https:\/\/www.alleyways.de\/abgeschminkt\/wp-json\/wp\/v2\/posts\/28308\/revisions\/28330"}],"wp:attachment":[{"href":"https:\/\/www.alleyways.de\/abgeschminkt\/wp-json\/wp\/v2\/media?parent=28308"}],"wp:term":[{"taxonomy":"category","embeddable":true,"href":"https:\/\/www.alleyways.de\/abgeschminkt\/wp-json\/wp\/v2\/categories?post=28308"},{"taxonomy":"post_tag","embeddable":true,"href":"https:\/\/www.alleyways.de\/abgeschminkt\/wp-json\/wp\/v2\/tags?post=28308"}],"curies":[{"name":"wp","href":"https:\/\/api.w.org\/{rel}","templated":true}]}}