{"id":29801,"date":"2026-04-25T05:05:27","date_gmt":"2026-04-25T03:05:27","guid":{"rendered":"https:\/\/www.alleyways.de\/abgeschminkt\/?p=29801"},"modified":"2026-04-24T19:54:06","modified_gmt":"2026-04-24T17:54:06","slug":"die-reichste-frau-der-welt-la-femme-la-plus-riche-du-monde","status":"publish","type":"post","link":"https:\/\/www.alleyways.de\/abgeschminkt\/2026\/die-reichste-frau-der-welt-la-femme-la-plus-riche-du-monde\/","title":{"rendered":"DIE REICHSTE FRAU DER WELT"},"content":{"rendered":"<h3 style=\"text-align: right;\"><strong><a href=\"https:\/\/www.alleyways.de\/abgeschminkt\/?attachment_id=29798\" rel=\"attachment wp-att-29798\"><img loading=\"lazy\" decoding=\"async\" class=\"alignleft wp-image-29798\" title=\"(c) Courtesy NEUE VISIONEN\" src=\"https:\/\/www.alleyways.de\/abgeschminkt\/wp-content\/uploads\/Reichste-Frau-der-Welt-Courtesy-NEUE-VISIONEN.jpg\" alt=\"Reichste Frau der Welt - (c) Courtesy NEUE VISIONEN\" width=\"258\" height=\"365\" srcset=\"https:\/\/www.alleyways.de\/abgeschminkt\/wp-content\/uploads\/Reichste-Frau-der-Welt-Courtesy-NEUE-VISIONEN.jpg 353w, https:\/\/www.alleyways.de\/abgeschminkt\/wp-content\/uploads\/Reichste-Frau-der-Welt-Courtesy-NEUE-VISIONEN-212x300.jpg 212w, https:\/\/www.alleyways.de\/abgeschminkt\/wp-content\/uploads\/Reichste-Frau-der-Welt-Courtesy-NEUE-VISIONEN-141x200.jpg 141w\" sizes=\"auto, (max-width: 258px) 100vw, 258px\" \/><\/a>LA FEMME LA PLUS<\/strong><br \/>\n<strong>RICHE DU MONDE<\/strong><br \/>\n<strong>&#8211; Bundesstart 23.04.2026<\/strong><br \/>\n&#8211; First Release 20.10.2025 (FR)<\/h3>\n<p style=\"text-align: justify;\"><span style=\"color: #000000;\">Vielleicht werden sie sich noch an die Bettencourt-Aff\u00e4re erinnern. Ein politischer Skandal um illegale Parteispenden in Frankreich, in den auch Pr\u00e4sident Nicolas Sarkozy verwickelt war. Im Rest von Europa wurde das zur Kenntnis genommen, aber weniger Bedeutung beigemessen als in Frankreich selbst. Ausl\u00f6ser dieser &#8218;Aff\u00e4re&#8216; war Fran\u00e7oise Bettencourt-Meyers, die gerichtlich gegen ihre Mutter Lilian Bettencourt vorging &#8211; Nachfolgerin und Erbin des Kosmetikgiganten L&#8217;Oreal. Vielleicht h\u00e4tte es auch einen guten Polit-Thriller abgegeben, doch Filmemacher und Drehbuchschreiber Thierry Klifa ist mit seinen zwei Co-Autoren viel mehr an der aberwitzigen Geschichte interessiert, welche zu dieser &#8218;Aff\u00e4re&#8216; f\u00fchrte. Im Film hei\u00dft die reichste Frau der Welt Marianne Farr\u00e8re, die den Fotografen und K\u00fcnstler Pierre-Alain Fatin kennenlernt &#8211; ein extrovertierter Schmeichler, aufdringlicher Verf\u00fchrer, und grober Klotz.<\/span><\/p>\n<p><!--more--><\/p>\n<p style=\"text-align: justify;\"><span style=\"color: #000000;\">Rund eine Milliarde Euro (!) soll der Fotograf und K\u00fcnstler Fran\u00e7ois-Marie Banier von Lilian Bettencourt bekommen und dann ausgegeben oder investiert haben. Im Film hei\u00dfen sie Marianne Farr\u00e8re und Pierre-Alain Fatin, die Geschichte ist aber fast identisch geblieben. Pierre sollte eigentlich Marianne f\u00fcr ein Lifestyle-Magazin fotografieren, gewinnt aber durch seine offene und aufdringliche Art ihre ganze Aufmerksamkeit &#8211; und auch ihren ganzen Gehorsam. Als zwangsl\u00e4ufig dominante Gesch\u00e4ftsf\u00fchrerin eines der lukrativsten Firmen der Welt, ist Marianne sehr davon angetan jemanden zu begegnen, der keine R\u00fccksicht auf ihren gesellschaftlichen Status nimmt.<\/span><\/p>\n<p style=\"text-align: justify;\"><span style=\"color: #000000;\">Regisseur Thierry Klifa hat das Drehbuch zusammen mit C\u00e9dric Anger und Javques Fieschi geschrieben. Es ist eine Satire geworden, keine wirklich authentische Abhandlung. Auch wenn die einzelnen Handlungselemente und deren Abfolge den wirklichen Ereignissen folgen, f\u00fchlen sich die Autoren und die Regie sehr frei in der Interpretation. Die Namens\u00e4nderungen geben ihnen auch die M\u00f6glichkeit. Das Verh\u00e4ltnis von Marianne und Pierre-Alain funktioniert durchaus als wundervolle Parabel auf Macht, Dekadenz, Werteverfall &#8211; und in Mariannes Fall, auch auf Einsamkeit. Thierry Klifa hat daraus eine Satire gemacht &#8211; doch dieser fehlt einfach der b\u00f6sartige Biss.<\/span><\/p>\n<p style=\"text-align: justify;\"><span style=\"color: #000000;\">Pierres Einfluss auf Marianne steigt mehr und mehr. Je ausgefallener und kostspieliger seine Ideen sind, desto schneller ist sie bereit es zu finanzieren. Er beleidigt und erniedrigt den Hausdiener. Immer wieder bel\u00e4stigt er Mariannes Tochter Fr\u00e9d\u00e9rique. Die Ehem\u00e4nner der Familie gefallen sich derweil in ihrer Gleichg\u00fcltigkeit. Marianne hingegen genie\u00dft ihren Ausbruch aus dem Korsett der n\u00fcchternen Oberschicht, und liebt es bewundert und begehrt zu werden &#8211; koste es was es wolle.<\/span><\/p>\n<p><a href=\"https:\/\/www.alleyways.de\/abgeschminkt\/?attachment_id=29799\" rel=\"attachment wp-att-29799\"><img loading=\"lazy\" decoding=\"async\" class=\"alignleft wp-image-29799 size-full\" title=\"Courtesy NEUE VISIONEN\" src=\"https:\/\/www.alleyways.de\/abgeschminkt\/wp-content\/uploads\/Reichste-Frau-der-Welt-a-Courtesy-NEUE-VISIONEN.jpg\" alt=\"Reichste Frau der Welt a - Courtesy NEUE VISIONEN\" width=\"640\" height=\"446\" srcset=\"https:\/\/www.alleyways.de\/abgeschminkt\/wp-content\/uploads\/Reichste-Frau-der-Welt-a-Courtesy-NEUE-VISIONEN.jpg 640w, https:\/\/www.alleyways.de\/abgeschminkt\/wp-content\/uploads\/Reichste-Frau-der-Welt-a-Courtesy-NEUE-VISIONEN-300x209.jpg 300w, https:\/\/www.alleyways.de\/abgeschminkt\/wp-content\/uploads\/Reichste-Frau-der-Welt-a-Courtesy-NEUE-VISIONEN-200x139.jpg 200w\" sizes=\"auto, (max-width: 640px) 100vw, 640px\" \/><\/a><\/p>\n<p style=\"text-align: justify;\"><span style=\"color: #000000;\">In seinem Verlauf verzichtet der Film darauf, dass sich seine Figuren erkl\u00e4ren. Regisseur Klifa l\u00e4sst seine Darsteller agieren, ohne ihre wahren inneren Motivationen zu offenbaren. Das funktioniert bei Isabelle Hupperts Marianne und Marina Fo\u00efs&#8216; Fr\u00e9d\u00e9rique ganz hervorragend, weil man ihnen einfach immer zusehen kann, egal bei was. Und die immer gl\u00e4nzen, egal wie sie in Szene gesetzt sind. Doch die Ignoranz ihrer M\u00e4nner und die akzeptierte Anma\u00dfung von Pierre-Alain bleiben einfach unkommentiert. Das neuzeitliche Sittengem\u00e4lde in seiner \u00fcppigen Dekadenz und gelangweilten Arroganz kann sich das Publikum selbst zusammensetzen &#8211; aber auch interpretieren.<\/span><\/p>\n<p style=\"text-align: justify;\"><span style=\"color: #000000;\">Dabei gibt es viel zu entdecken in diesem Reigen von Geld und Kontrolle. Es ist also nicht unbedingt von Nachteil, dass die Regie keine moralische Einsch\u00e4tzung der Ereignisse vorgibt. Besonders Isabelle Huppert darf unbedarft politisch unkorrekt ihren Status ausspielen. Die besten Lacher &#8211; versch\u00e4mte Lacher &#8211; kommen von ihrem fabelhaften freim\u00fctigen Spiel, und einer nur eingebildeten \u00dcberlegenheit durch ihren gest\u00e4hlten Charakter. Weniger \u00fcberzeugend ist allerdings Laurent Lafitte, dessen respektlosen Kapriolen dennoch vielen aus dem Herzen sprechen werden. Doch Lafitte ist in seiner dargestellten Pr\u00e4senz derart unsympathisch, dass eine verkehrte Art von Abscheu f\u00fcr ihn entsteht, die dem angedacht satirischen Ton entgegen wirkt.<\/span><\/p>\n<p style=\"text-align: justify;\"><span style=\"color: #000000;\">Kann der Film dennoch unterhalten? Nat\u00fcrlich. Allein in seinem Verh\u00e4ltnis zu wahren Ereignissen, die hier n\u00e4her an der Realit\u00e4t liegen, als viele andere Filme die sich auf tats\u00e4chliche Begebenheiten berufen. Nur, es fehlt dem Film an Sch\u00e4rfe, an delikater Boshaftigkeit, und es mangelt an einem gesellschaftlichen Gegengewicht. Hier fressen sich nur die Reichen gegenseitig. Es gibt nicht einmal den geb\u00fchrenden Anlass zur geh\u00e4ssigen Schadenfreude, denn da wo der Film endet gibt es keinen wirklichen Verlierer. Und das ist schon erstaunlich bei einer Milliarden Euro, die sich Fran\u00e7ois-Marie Banier &#8211; alias Pierre-Alain Fatin &#8211; erschlichen und veruntreut haben soll.<\/span><\/p>\n<p><a href=\"https:\/\/www.alleyways.de\/abgeschminkt\/?attachment_id=29800\" rel=\"attachment wp-att-29800\"><img loading=\"lazy\" decoding=\"async\" class=\"alignleft wp-image-29800 size-full\" title=\"(c) Courtesy NEUE VISIONEN\" src=\"https:\/\/www.alleyways.de\/abgeschminkt\/wp-content\/uploads\/Reichste-Frau-der-Welt-b-c.jpg\" alt=\"Reichste Frau der Welt 1 - (c) Courtesy NEUE VISIONEN\" width=\"640\" height=\"418\" srcset=\"https:\/\/www.alleyways.de\/abgeschminkt\/wp-content\/uploads\/Reichste-Frau-der-Welt-b-c.jpg 640w, https:\/\/www.alleyways.de\/abgeschminkt\/wp-content\/uploads\/Reichste-Frau-der-Welt-b-c-300x196.jpg 300w, https:\/\/www.alleyways.de\/abgeschminkt\/wp-content\/uploads\/Reichste-Frau-der-Welt-b-c-200x131.jpg 200w\" sizes=\"auto, (max-width: 640px) 100vw, 640px\" \/><\/a><\/p>\n<hr \/>\n<blockquote><p><span style=\"color: #3535bd;\"><em>Darsteller: <strong>Isabelle Huppert, Laurent Lafitte, Marina Fo\u00efs, Rapha\u00ebl Personnaz, Mathieu Demy<\/strong> u.a.<\/em><\/span><\/p>\n<p><span style=\"color: #3535bd;\"><em>Regie: <strong>Thierry Klifa<\/strong><\/em><\/span><br \/>\n<span style=\"color: #3535bd;\"><em>Drehbuch: <strong>Thierry Klifa, C\u00e9dric Anger, Javques Fieschi<\/strong><\/em><\/span><br \/>\n<span style=\"color: #3535bd;\"><em>Kamera: <strong>Hichame Alaouie<\/strong><\/em><\/span><br \/>\n<span style=\"color: #3535bd;\"><em>Bildschnitt: <strong>Chantal Hymans<\/strong><\/em><\/span><br \/>\n<span style=\"color: #3535bd;\"><em>Musik: <strong>Alex Beaupain<\/strong><\/em><\/span><br \/>\n<span style=\"color: #3535bd;\"><em>Produktionsdesign: <strong>Eve Martin<\/strong><\/em><\/span><br \/>\n<span style=\"color: #3535bd;\"><strong><em>Frankreich, Belgien \/ 2025<\/em><\/strong><\/span><br \/>\n<span style=\"color: #3535bd;\"><em><strong>121<\/strong> Minuten<\/em><\/span><\/p><\/blockquote>\n<h6>Bildrechte:<strong> Courtesy NEUE VISIONEN<\/strong><\/h6>\n","protected":false},"excerpt":{"rendered":"<p>LA FEMME LA PLUS RICHE DU MONDE &#8211; Bundesstart 23.04.2026 &#8211; First Release 20.10.2025 (FR) Vielleicht werden sie sich noch an die Bettencourt-Aff\u00e4re erinnern. Ein politischer Skandal um illegale Parteispenden in Frankreich, in den auch Pr\u00e4sident Nicolas Sarkozy verwickelt war. &hellip; <a href=\"https:\/\/www.alleyways.de\/abgeschminkt\/2026\/die-reichste-frau-der-welt-la-femme-la-plus-riche-du-monde\/\">Weiterlesen <span class=\"meta-nav\">&rarr;<\/span><\/a><\/p>\n","protected":false},"author":5,"featured_media":0,"comment_status":"open","ping_status":"open","sticky":false,"template":"","format":"standard","meta":{"footnotes":""},"categories":[1,4],"tags":[443,5558,171,2220,5556,1110,5557],"class_list":["post-29801","post","type-post","status-publish","format-standard","hentry","category-allgemein","category-im-kino-gesehen","tag-biografie","tag-die-reichste-frau-der-welt","tag-drama","tag-isabelle-huppert","tag-la-femme-la-plus-riche-du-monde","tag-satire","tag-the-richest-woman-in-the-world"],"_links":{"self":[{"href":"https:\/\/www.alleyways.de\/abgeschminkt\/wp-json\/wp\/v2\/posts\/29801","targetHints":{"allow":["GET"]}}],"collection":[{"href":"https:\/\/www.alleyways.de\/abgeschminkt\/wp-json\/wp\/v2\/posts"}],"about":[{"href":"https:\/\/www.alleyways.de\/abgeschminkt\/wp-json\/wp\/v2\/types\/post"}],"author":[{"embeddable":true,"href":"https:\/\/www.alleyways.de\/abgeschminkt\/wp-json\/wp\/v2\/users\/5"}],"replies":[{"embeddable":true,"href":"https:\/\/www.alleyways.de\/abgeschminkt\/wp-json\/wp\/v2\/comments?post=29801"}],"version-history":[{"count":19,"href":"https:\/\/www.alleyways.de\/abgeschminkt\/wp-json\/wp\/v2\/posts\/29801\/revisions"}],"predecessor-version":[{"id":29912,"href":"https:\/\/www.alleyways.de\/abgeschminkt\/wp-json\/wp\/v2\/posts\/29801\/revisions\/29912"}],"wp:attachment":[{"href":"https:\/\/www.alleyways.de\/abgeschminkt\/wp-json\/wp\/v2\/media?parent=29801"}],"wp:term":[{"taxonomy":"category","embeddable":true,"href":"https:\/\/www.alleyways.de\/abgeschminkt\/wp-json\/wp\/v2\/categories?post=29801"},{"taxonomy":"post_tag","embeddable":true,"href":"https:\/\/www.alleyways.de\/abgeschminkt\/wp-json\/wp\/v2\/tags?post=29801"}],"curies":[{"name":"wp","href":"https:\/\/api.w.org\/{rel}","templated":true}]}}