{"id":8788,"date":"2015-03-07T03:00:15","date_gmt":"2015-03-07T02:00:15","guid":{"rendered":"http:\/\/www.alleyways.de\/abgeschminkt\/?p=8788"},"modified":"2015-03-07T16:29:53","modified_gmt":"2015-03-07T15:29:53","slug":"project-almanac","status":"publish","type":"post","link":"https:\/\/www.alleyways.de\/abgeschminkt\/2015\/project-almanac\/","title":{"rendered":"PROJECT ALMANAC"},"content":{"rendered":"<p><em>PROJECT ALMANAC &#8211; Bundesstart 05.03.2015<\/em><\/p>\n<p style=\"text-align: justify;\"><span style=\"color: #000000;\"><a href=\"https:\/\/www.alleyways.de\/abgeschminkt\/2015\/project-almanac\/project-almanac-1\/\" rel=\"attachment wp-att-8790\"><img loading=\"lazy\" decoding=\"async\" class=\"alignleft size-full wp-image-8790\" title=\" Copyright Paramount Pictures\" alt=\"Project-Almanac-1, Copyright Paramount Pictures\" src=\"https:\/\/www.alleyways.de\/abgeschminkt\/wp-content\/uploads\/Project-Almanac-1.jpg\" width=\"300\" height=\"425\" srcset=\"https:\/\/www.alleyways.de\/abgeschminkt\/wp-content\/uploads\/Project-Almanac-1.jpg 300w, https:\/\/www.alleyways.de\/abgeschminkt\/wp-content\/uploads\/Project-Almanac-1-141x200.jpg 141w, https:\/\/www.alleyways.de\/abgeschminkt\/wp-content\/uploads\/Project-Almanac-1-211x300.jpg 211w\" sizes=\"auto, (max-width: 300px) 100vw, 300px\" \/><\/a>Found Footage, das leidige Thema. Es mag ein Trend sein, alle m\u00f6glichen und unm\u00f6glichen Situationen im eigenen Leben mit dem Smartphone festzuhalten. Aber beim Aussteigen aus dem Auto, auf dem Weg zu Schule? Wenn jemand zu seinem Tisch in der Cafeteria geht? Wenn man am Dachboden mit dem Bruder nach Sch\u00e4tzen aus der Kindheit st\u00f6bert? Es ist so m\u00fchselig, und nicht nachvollziehbar. Warum Found Footage, wenn PROJECT ALMANAC als normal gedrehter und aufgel\u00f6ster Film sogar ein sehr angenehmer Spa\u00df geworden w\u00e4re. Es ist nicht wirklich nachvollziehbar, aber sehr \u00e4rgerlich. Josh Trank hat mit CHRONICLE als einziger bewiesen, dass man das Format sehr schlau und auch gerechtfertigt einsetzen kann, wenn man die Vernunft und Logik in die Inszenierung mit einbezieht. Dean Israelite ist das bei PROJECT ALMANAC nicht gelungen, und einer vielversprechenden Pr\u00e4misse, steht eine nicht nachvollziehbare Bildf\u00fchrung im Weg.<\/span><\/p>\n<p style=\"text-align: justify;\"><!--more--><span style=\"color: #000000;\">David Raskin entdeckt mit seiner Schwester Christina auf dem Dachboden eine alte Videokamera, des vor Jahren verschwundenen Vaters. Christina ist im \u00dcbrigen die Person die in den 106 Minuten alles filmt, und wahrscheinlich auch dem Kanarienvogel keine Ruhe beim kacken g\u00f6nnen w\u00fcrde. Auf der Cassette in der Kamera, sieht man die zehn Jahre zur\u00fcckliegende Geburtstagsfeier des mittlerweile 17 Jahre alten David. Dumm nur, dass auf der Videocassette auch der David der Jetztzeit zu sehen ist. Mit seinen Kumpels Quinn und Adam, will David das Video analysieren. Nat\u00fcrlich geh\u00f6rt auch Christina zur Gruppe, denn wer sonst w\u00fcrde alles handlungsgerecht filmen. Dabei sto\u00dfen die Freunde auf eine geheime Kammer im Keller von Davids verschollenem Vater. Und sie finden nichts anderes, als die Baupl\u00e4ne f\u00fcr eine Zeitmaschine. Schlau wie die Kerle und das filmende M\u00e4dchen sind, arbeiten sie mit sich steigerndem Erfolg an der Konstruktion der Maschine. Sind die ersten, nur wenige Tage versetzten Zeitreisen noch ein enormer Spa\u00df, gibt es bald erste Probleme mit den Paradoxen, die Zeitreisen mit sich bringen.<\/span><\/p>\n<p style=\"text-align: justify;\"><span style=\"color: #000000;\">Zeitreisen sind immer ein Thema, welches heftige Reaktionen herauf beschw\u00f6rt. Denn es gibt keine Zeitreisen, und somit bleibt jede Theorie, einfach Theorie. Ist deswegen bei Zeitreisegeschichten alles m\u00f6glich? Eigentlich ist alles m\u00f6glich, jede Theorie anwendbar. Solange die Handlung innerhalb der selbst aufgestellten Regeln bleibt. Bei PROJECT ALMANAC stolpert man \u00fcber einen nicht unerheblichen Faktor, wenn es um Paradoxa geht. Wenn sich zwei Personen aus zwei verschiedenen Zeitebenen bewusst begegnen und sehen, l\u00f6sen sich aufgrund des Zeitparadoxon auf. Aber warum l\u00f6sen sie sich nicht auf, wenn sie sich in unmittelbarer N\u00e4he zueinander aufhalten, und nur eine Person die andere nicht sieht. Eine kleine selbstgestellte Falle, die vielleicht mit viel Theorie erkl\u00e4rt werden k\u00f6nnte. Aber ein bisschen Sinn, muss doch hinterfragt werden d\u00fcrfen. Das Drehbuch allerdings, fordert aus dramaturgischen Gr\u00fcnden leider auch beide Variationen. Der Fairness halber muss man aber auch zugeben, dass die eine Variante die Stimmung durchaus hebt, wenn eine Person aus der Gegenwart sich selbst in der Vergangenheit r\u00e4cht. Oder auf der anderen Seite mit dem Verschwinden eines Charakters aus beiden Zeitebenen, auch ein spannender Showdown eingel\u00e4utet wird. Mag es wenig Sinn ergeben, fordert es letztendlich zur Diskussion heraus. Einer der interessantesten Aspekte von Zeitreise-Filmen.<\/span><\/p>\n<p style=\"text-align: justify;\"><span style=\"color: #000000;\">Grund zur Diskussion k\u00f6nnte auch sein, warum gleich mehrere Polizeieinheiten und Suchhubschrauber eingesetzt werden, obwohl eine Person lediglich vermisst wird. An manchen Stellen h\u00e4tte PROJECT ALMANAC noch einiges an Politur vertragen. Ein wirklich schlechter Film ist er deswegen auf keinen Fall. Junge, gutaussehende Menschen, ein nicht ganz schl\u00fcssiger, aber gut nachvollziehbarer Plot, und reichlich Spannungsmomente. Und h\u00e4tte man auf das \u00fcberfl\u00fcssige Found-Footage-Format verzichtet, h\u00e4tte sich der Film sogar noch ein paar Pluspunkte dazu verdient. Ein sehenswertes Vergn\u00fcgen, von dem man jetzt nicht die geistige Herausforderung zum Beispiel eines Christopher Nolan Films erwarten sollte. Aber auch ohne hintersinnigen Tiefgang, kann man einmal gut unterhalten werden. Gerade wenn man Genre affin ist.<\/span><\/p>\n<p style=\"text-align: justify;\"><span style=\"color: #000000;\">Sollte die Produzenten in Betracht gezogen haben, einen Hit zu landen und mit einer Fortsetzung kontern zu k\u00f6nnen, h\u00e4tte sich PROJECT ALMANAC selbst einen sehr interessanten Ansatz geschaffen. Denn das Dilemma mit den Zeitreisen entsteht aufgrund Davids Unsicherheit gegen\u00fcber seines Schwarms Jessie. Am Ende des Films, einer wiederholten Zeitschleife, wird diese Unsicherheit ausger\u00e4umt, und Jessie und David kommen zusammen bevor die Sache mit den Zeitreisen beginnt. Theoretisch gesehen vielleicht ein Widerspruch. Aber die Zeitlinie w\u00e4re von diesem Zeitpunkt an so ge\u00e4ndert, um eine Fortsetzung geschickt parallel zum ersten Teil zu erz\u00e4hlen.<\/span><\/p>\n<p style=\"text-align: center;\"><a href=\"https:\/\/www.alleyways.de\/abgeschminkt\/2015\/project-almanac\/project-almanac-2\/\" rel=\"attachment wp-att-8791\"><img loading=\"lazy\" decoding=\"async\" class=\"aligncenter size-full wp-image-8791\" title=\" Copyright Paramount Pictures\" alt=\"PROJECT ALMANAC,  Copyright Paramount Pictures\" src=\"https:\/\/www.alleyways.de\/abgeschminkt\/wp-content\/uploads\/Project-Almanac-2.jpg\" width=\"620\" height=\"414\" srcset=\"https:\/\/www.alleyways.de\/abgeschminkt\/wp-content\/uploads\/Project-Almanac-2.jpg 620w, https:\/\/www.alleyways.de\/abgeschminkt\/wp-content\/uploads\/Project-Almanac-2-200x133.jpg 200w, https:\/\/www.alleyways.de\/abgeschminkt\/wp-content\/uploads\/Project-Almanac-2-300x200.jpg 300w\" sizes=\"auto, (max-width: 620px) 100vw, 620px\" \/><\/a><\/p>\n<p style=\"padding-left: 60px;\"><em>Darsteller: Jonny Weston, Sofia Black D&#8217;Elia, Sam Lerner, Allen Evangelista, Virgina Gardner, Amy Landecker, Gary Weeks u.a.<\/em><br \/>\n<em> Regie: Dean Israelite<\/em><br \/>\n<em> Drehbuch: Jason Harry Pagan, Andrew Deutschman<\/em><br \/>\n<em> Kamera: Matthew J. Lloyd<\/em><br \/>\n<em> Bildschnitt: Julian Clarke, Martin Bernfeld<\/em><br \/>\n<em> Produktionsdesign: Maher Ahmad<\/em><br \/>\n<em> USA \/ 2014<\/em><br \/>\n<em> 106 Minuten<\/em><\/p>\n<h5>Bildrechte: <strong>Paramount Pictures<\/strong><\/h5>\n","protected":false},"excerpt":{"rendered":"<p>PROJECT ALMANAC &#8211; Bundesstart 05.03.2015 Found Footage, das leidige Thema. Es mag ein Trend sein, alle m\u00f6glichen und unm\u00f6glichen Situationen im eigenen Leben mit dem Smartphone festzuhalten. Aber beim Aussteigen aus dem Auto, auf dem Weg zu Schule? Wenn jemand &hellip; <a href=\"https:\/\/www.alleyways.de\/abgeschminkt\/2015\/project-almanac\/\">Weiterlesen <span class=\"meta-nav\">&rarr;<\/span><\/a><\/p>\n","protected":false},"author":4,"featured_media":0,"comment_status":"open","ping_status":"open","sticky":false,"template":"","format":"standard","meta":{"footnotes":""},"categories":[1,4],"tags":[171,319,1660,118,1661],"class_list":["post-8788","post","type-post","status-publish","format-standard","hentry","category-allgemein","category-im-kino-gesehen","tag-drama","tag-found-footage","tag-project-almanac","tag-science-fiction","tag-zeitreise"],"_links":{"self":[{"href":"https:\/\/www.alleyways.de\/abgeschminkt\/wp-json\/wp\/v2\/posts\/8788","targetHints":{"allow":["GET"]}}],"collection":[{"href":"https:\/\/www.alleyways.de\/abgeschminkt\/wp-json\/wp\/v2\/posts"}],"about":[{"href":"https:\/\/www.alleyways.de\/abgeschminkt\/wp-json\/wp\/v2\/types\/post"}],"author":[{"embeddable":true,"href":"https:\/\/www.alleyways.de\/abgeschminkt\/wp-json\/wp\/v2\/users\/4"}],"replies":[{"embeddable":true,"href":"https:\/\/www.alleyways.de\/abgeschminkt\/wp-json\/wp\/v2\/comments?post=8788"}],"version-history":[{"count":7,"href":"https:\/\/www.alleyways.de\/abgeschminkt\/wp-json\/wp\/v2\/posts\/8788\/revisions"}],"predecessor-version":[{"id":8850,"href":"https:\/\/www.alleyways.de\/abgeschminkt\/wp-json\/wp\/v2\/posts\/8788\/revisions\/8850"}],"wp:attachment":[{"href":"https:\/\/www.alleyways.de\/abgeschminkt\/wp-json\/wp\/v2\/media?parent=8788"}],"wp:term":[{"taxonomy":"category","embeddable":true,"href":"https:\/\/www.alleyways.de\/abgeschminkt\/wp-json\/wp\/v2\/categories?post=8788"},{"taxonomy":"post_tag","embeddable":true,"href":"https:\/\/www.alleyways.de\/abgeschminkt\/wp-json\/wp\/v2\/tags?post=8788"}],"curies":[{"name":"wp","href":"https:\/\/api.w.org\/{rel}","templated":true}]}}