{"id":9759,"date":"2015-09-24T06:00:32","date_gmt":"2015-09-24T05:00:32","guid":{"rendered":"http:\/\/www.alleyways.de\/abgeschminkt\/?p=9759"},"modified":"2015-09-23T23:49:39","modified_gmt":"2015-09-23T22:49:39","slug":"everest-in-3d","status":"publish","type":"post","link":"https:\/\/www.alleyways.de\/abgeschminkt\/2015\/everest-in-3d\/","title":{"rendered":"EVEREST in 3D"},"content":{"rendered":"<p style=\"text-align: right;\"><em><a href=\"https:\/\/www.alleyways.de\/abgeschminkt\/2015\/everest-in-3d\/everest-1\/\" rel=\"attachment wp-att-9761\"><img loading=\"lazy\" decoding=\"async\" class=\"alignleft size-full wp-image-9761\" title=\"Copyright Universal Pictures International\" alt=\"Everest-1, Copyright Universal Pictures International\" src=\"https:\/\/www.alleyways.de\/abgeschminkt\/wp-content\/uploads\/Everest-1.jpg\" width=\"250\" height=\"371\" srcset=\"https:\/\/www.alleyways.de\/abgeschminkt\/wp-content\/uploads\/Everest-1.jpg 250w, https:\/\/www.alleyways.de\/abgeschminkt\/wp-content\/uploads\/Everest-1-134x200.jpg 134w, https:\/\/www.alleyways.de\/abgeschminkt\/wp-content\/uploads\/Everest-1-202x300.jpg 202w\" sizes=\"auto, (max-width: 250px) 100vw, 250px\" \/><\/a>EVEREST &#8211; Bundesstart 17.09.2015<\/em><\/p>\n<p style=\"text-align: justify;\"><span style=\"color: #000000;\">Wer den Berg bezwingen will, der muss nicht nur k\u00f6rperliche Strapazen \u00fcberstehen. 189 Menschen starben bisher bei ihrem Versuch, den Gipfel vom Dach der Welt zu betreten. Und 120 von ihnen liegen noch dort. Entlang der \u00fcblichen Routen liegen sie, meist in der Todeszone, \u00fcber 8000 Meter. Eine Bergung der Leichen ist unm\u00f6glich, w\u00e4re k\u00f6rperlich zu anstrengen, und die Luft zu d\u00fcnn f\u00fcr Flugmaschinen. Von zwei zusammen gelegten Expeditionen 1996, liegen acht erfrorene, oder an Lungenembolie gestorbene Bergsteiger. Der Journalist Jon Krakauer war bei dieser zusammengelegten Expedition dabei, \u00fcberlebte, und schrieb ein Buch mit dem Titel &#8218;Into Thin Air&#8216;. Es dauerte kein Jahr, da machte Columbia einen Fernsehfilm daraus, der ziemlich pr\u00e4zise die Ereignisse wiederspiegelte. Ein weiteres Jahr sp\u00e4ter kam mit EVEREST eine IMAX-Produktion auf die gr\u00f6\u00dften Leinw\u00e4nde der Welt, welche die Erhabenheit des weltgr\u00f6\u00dften Berges wiedergeben sollten.<!--more--><\/span><\/p>\n<p style=\"text-align: justify;\"><span style=\"color: #000000;\">Rob Hall und Scott Fischer sind Freunde aus Neuseeland, aber jeder hat seine eigene kleine Firma im Bereich von Extremsport. Der Grund f\u00fcr getrennte Wege, sind die sehr unterschiedlichen Kletter- und F\u00fchrungsstile der Beiden. Nur einmal kommen sie sich ins Gehege, als sie mit jeweils einer eigenen Expedition 1996 im Basiscamp am Fu\u00dfe des Berges aufeinander treffen. Sie m\u00f6chte am selben Tag den Gipfel erreichen, was bedeuten w\u00fcrde, dass sich die beiden Gruppen gegenseitig im Wege w\u00e4ren. Letztendlich siegt die Vernunft, und die drei\u00dfig Bergsteiger tun sich zusammen, und brechen auf. Was sich zuerst als sehr gute Entscheidung herausstellt. Doch da ist immer noch das Wetter. Das Basiscamp kann gew\u00f6hnlich sehr gut das Wetter vorhersagen, aber dieses Mal ist der Himalaja unerbittlich.<\/span><\/p>\n<p style=\"text-align: justify;\"><span style=\"color: #000000;\">Dem Isl\u00e4nder Baltasar Korm\u00e1kur ein sehr spannender und atmosph\u00e4risch effektiver Thriller gelungen, der besonders in der ersten H\u00e4lfte seine besten Momente hat. Das liegt unter anderem auch an dem fantastischen Ensemble, welches von Jason Clarke und Jake Gyllenhaal \u00fcberzeugend angef\u00fchrt wird. Die ersten sechzig Minuten konzentrieren sich auf den Weg ins oberste Basislager. Die M\u00e4nner und Frauen werden trainiert, untersucht, Stresssituationen ausgesetzt. Mitunter bietet diese erste H\u00e4lfte auch die spannendsten Momente. Und Korm\u00e1kur definiert seine Charaktere in langsamen, unaufdringlichen Z\u00fcgen. Immer wieder absch\u00e4tzende Blicke von einem Teilnehmer zum anderen. Der Regisseur umgeht dabei geschickt \u00fcberzeichnete Konfliktsituationen, aber konfrontiert seine Figuren dennoch mit dem Rest der Gruppe, und deren Schw\u00e4chen. Im Berg ist jeder auf jeden angewiesen, da darf es kein schwaches Glied geben. Aber diese schwachen Glieder gibt es, und wie dies herausgearbeitet wird, dass ist verst\u00e4rkt durch die Spannungsmomente, sehr packend erz\u00e4hlt.<\/span><\/p>\n<p style=\"text-align: justify;\"><span style=\"color: #000000;\">Eine gro\u00dfe Schw\u00e4che in der Inszenierung, ist der unbedingte Einsatz von zwei weiblichen Charakteren, die zuhause um ihre M\u00e4nner bangen. Keira Knightley und Robin Wright tragen sehr wenig zu den eigentlichen Ereignissen bei. Denn im Gegensatz zu der ersten H\u00e4lfte, ist die Zweite ohnehin eindeutig zu lang geraden. Eine gesunde Straffung, vielleicht durch den Verzicht auf die Frauen-Figuren,\u00a0 w\u00e4re von Vorteil gewesen. Was EVEREST trotzallem immer noch spannend genug h\u00e4lt. Die letzte H\u00e4lfte geh\u00f6rt dann ganz dem entscheidenden Weg zum Gipfel und der aufziehenden Katastrophe. Das Problem ist aber auch der Optik geschuldet. Die Bilder bis zum Wetterumschwung haben durchweg einen realistischen Charakter, wo man die Darsteller tats\u00e4chlich im Anstieg von Eis, Schnee und Gletscher vermutet. Dann kommen unausweichlich Computer animierte Bilder, welche die Landschaft und die ganze Katastrophe pr\u00e4gen. Und dem Film, oder den Effekte-Teams, gelingt es nicht auch den Sturm einem Unwissenden realistisch erscheinen zu lassen. Der Charme von ununterbrochenen Computereinsatz ist einfach nicht zu \u00fcbersehen.<\/span><\/p>\n<p style=\"text-align: justify;\"><span style=\"color: #000000;\">Grunds\u00e4tzlich ist EVERST aber spannende, teilweise nervenzehrende Unterhaltung. <a href=\"https:\/\/de.wikipedia.org\/wiki\/Ungl%C3%BCck_am_Mount_Everest_%281996%29\">Auch wenn der deutschen Wikipedia nicht immer zu trauen ist, kann man hier die wahre Geschichte nachlesen<\/a>. Und man stellt fest, wie detailiert sich das Drehbuch und die Inszenierung an die Fakten gehalten hat. Und wann kann das schon einmal ein Film sagen, der vorgibt auf einer wahren Geschichte zu beruhen, dann aber noch immer so effektiv als Thriller zu funktionieren. Es gibt dazu, trotz einer nachtr\u00e4glichen 3D-Konvertierung, viele sch\u00f6ne Effekte, die dem unerfahrenen Kletterer im Publikum den Magen umdrehen werden. Das sind zum einen sehr nette Gimmicks, aber dadurch kann der Film auch kraftvoll vermitteln, welch ein Wahnsinn die menschliche Arroganz sein kann, wenn man glaubt die Natur beherrschen zu k\u00f6nnen. Auch hier funktioniert der Film sehr subtil, ohne den erhobenen Zeigefinger. Das hat Baltasar Korm\u00e1kur wirklich im Gesp\u00fcr. Und so macht Geschichte nach einer wahren Begebenheit schlie\u00dflich auch Spa\u00df.<\/span><\/p>\n<p style=\"text-align: justify;\"><span style=\"color: #000000;\">Nun ja, wenn der Film nicht eines au\u00dfer Acht gelassen h\u00e4tte, n\u00e4mlich das Filmteam, welches zur selben Zeit f\u00fcr IMAX die 44 Minuten Dokumentation EVEREST im Berg drehte. Das w\u00e4re vielleicht eine nette Zutat geworden, aber das h\u00e4tte die Erz\u00e4hlstruktur auch etwas verkompliziert. IMAX&#8216; EVEREST thematisiert demnach auch die Geschehnisse um die zwei Expeditionen, geht allerdings aus verst\u00e4ndlichen Gr\u00fcnden nicht weiter auf die Trag\u00f6dien ein, die den Rahmen einer familienfreundlichen Dokumentation gesprengt h\u00e4tte. Die IMAX-Dokumentation hatte weniger gute Kritiken bekommen, weil man die Wucht der Bilder vermisste. Das k\u00f6nnte aber auch daran gelegen haben, dass sich die Film-Crew nicht filmisch auf die Katastrophe konzentrierte, sondern sich beherzt am Versuch einer Rettung der zwei Expeditionen beteiligte. Vielleicht w\u00e4re das doch noch Stoff genug f\u00fcr ein eigenes Filmerlebnis.<\/span><\/p>\n<p style=\"text-align: center;\"><a href=\"https:\/\/www.alleyways.de\/abgeschminkt\/2015\/everest-in-3d\/everest-2\/\" rel=\"attachment wp-att-9762\"><img loading=\"lazy\" decoding=\"async\" class=\"aligncenter size-full wp-image-9762\" title=\"Copyright Universal Pictures International\" alt=\"Everest-2, Copyright Universal Pictures International\" src=\"https:\/\/www.alleyways.de\/abgeschminkt\/wp-content\/uploads\/Everest-2.jpg\" width=\"640\" height=\"330\" srcset=\"https:\/\/www.alleyways.de\/abgeschminkt\/wp-content\/uploads\/Everest-2.jpg 640w, https:\/\/www.alleyways.de\/abgeschminkt\/wp-content\/uploads\/Everest-2-200x103.jpg 200w, https:\/\/www.alleyways.de\/abgeschminkt\/wp-content\/uploads\/Everest-2-300x154.jpg 300w\" sizes=\"auto, (max-width: 640px) 100vw, 640px\" \/><\/a><\/p>\n<p style=\"padding-left: 60px;\"><em>Darsteller:<strong> Jake Gyllenhaal, <em>Jason Clarke, <\/em>John Hawkes, Michael Kelly, Elizabeth Debicki, Keira Knightley, Josh Brolin, Emily Watson, Sam Worthington, Robin Wright<\/strong> u.a.<\/em><br \/>\n<em> Regie: <strong>Baltasar Korm\u00e1kur<\/strong><\/em><br \/>\n<em> Drehbuch: <strong>William Nicholson, Simon Beaufoy<\/strong><\/em><br \/>\n<em> Kamera: <strong>Salvatore Totino<\/strong><\/em><br \/>\n<em> Bildschnitt: <strong>Mick Audsley<\/strong><\/em><br \/>\n<em> Musik: <strong>Dario Marianelli<\/strong><\/em><br \/>\n<em> Produktionsdesign: <strong>Gary Freeman<\/strong><\/em><br \/>\n<em><strong> Island &#8211; Gro\u00dfbritannien &#8211; USA<\/strong> \/ 2015<\/em><br \/>\n<strong><em> 121 Minuten<\/em><\/strong><\/p>\n<h5>Bildrechte: <strong>Universal Pictures International<\/strong><\/h5>\n","protected":false},"excerpt":{"rendered":"<p>EVEREST &#8211; Bundesstart 17.09.2015 Wer den Berg bezwingen will, der muss nicht nur k\u00f6rperliche Strapazen \u00fcberstehen. 189 Menschen starben bisher bei ihrem Versuch, den Gipfel vom Dach der Welt zu betreten. Und 120 von ihnen liegen noch dort. Entlang der &hellip; <a href=\"https:\/\/www.alleyways.de\/abgeschminkt\/2015\/everest-in-3d\/\">Weiterlesen <span class=\"meta-nav\">&rarr;<\/span><\/a><\/p>\n","protected":false},"author":1,"featured_media":0,"comment_status":"open","ping_status":"open","sticky":false,"template":"","format":"standard","meta":{"footnotes":""},"categories":[1,4],"tags":[403,282,171,1870,731,1871,762,1872],"class_list":["post-9759","post","type-post","status-publish","format-standard","hentry","category-allgemein","category-im-kino-gesehen","tag-3d","tag-action","tag-drama","tag-everest","tag-jake-gyllenhaal","tag-jason-larke","tag-josh-brolin","tag-robin-wright"],"_links":{"self":[{"href":"https:\/\/www.alleyways.de\/abgeschminkt\/wp-json\/wp\/v2\/posts\/9759","targetHints":{"allow":["GET"]}}],"collection":[{"href":"https:\/\/www.alleyways.de\/abgeschminkt\/wp-json\/wp\/v2\/posts"}],"about":[{"href":"https:\/\/www.alleyways.de\/abgeschminkt\/wp-json\/wp\/v2\/types\/post"}],"author":[{"embeddable":true,"href":"https:\/\/www.alleyways.de\/abgeschminkt\/wp-json\/wp\/v2\/users\/1"}],"replies":[{"embeddable":true,"href":"https:\/\/www.alleyways.de\/abgeschminkt\/wp-json\/wp\/v2\/comments?post=9759"}],"version-history":[{"count":6,"href":"https:\/\/www.alleyways.de\/abgeschminkt\/wp-json\/wp\/v2\/posts\/9759\/revisions"}],"predecessor-version":[{"id":9799,"href":"https:\/\/www.alleyways.de\/abgeschminkt\/wp-json\/wp\/v2\/posts\/9759\/revisions\/9799"}],"wp:attachment":[{"href":"https:\/\/www.alleyways.de\/abgeschminkt\/wp-json\/wp\/v2\/media?parent=9759"}],"wp:term":[{"taxonomy":"category","embeddable":true,"href":"https:\/\/www.alleyways.de\/abgeschminkt\/wp-json\/wp\/v2\/categories?post=9759"},{"taxonomy":"post_tag","embeddable":true,"href":"https:\/\/www.alleyways.de\/abgeschminkt\/wp-json\/wp\/v2\/tags?post=9759"}],"curies":[{"name":"wp","href":"https:\/\/api.w.org\/{rel}","templated":true}]}}